{"id":10119,"date":"2024-09-08T21:19:55","date_gmt":"2024-09-08T20:19:55","guid":{"rendered":"https:\/\/www.urpean.com\/?p=10119"},"modified":"2024-09-08T21:19:57","modified_gmt":"2024-09-08T20:19:57","slug":"presentation-les-organismes-vermiformes-de-la-cote-basque-le-13-09-24-a-19-h-au-club-urpean","status":"publish","type":"post","link":"https:\/\/www.urpean.com\/?p=10119","title":{"rendered":"Pr\u00e9sentation :  les organismes vermiformes de la c\u00f4te basque le 13\/09\/24 \u00e0 19 h au club Urpean"},"content":{"rendered":"\n\n\n<p>Hello Urpean<\/p>\n<p>Vendredi 13 et oui cela porte chance donc en ce <strong>vendredi 13 septembre<\/strong> se tiendra au club Urpean <strong>\u00e0 19 h<\/strong> dans la salle du txoko une pr\u00e9sentation organis\u00e9e par Myriam Laplace sur les organismes vermiformes de la c\u00f4te basque.<\/p>\n<p>On vous attends, venez&nbsp; nombreux&nbsp;<\/p>\n<p>Belle semaine&nbsp;<\/p>\n<p>&nbsp;<\/p>\n\n\n\n\n\n<figure class=\"wp-block-image size-large\"><a href=\"https:\/\/www.urpean.com\/wp-content\/uploads\/2024\/09\/Flyer-Presentation-Organismes-vermiformes-au-club-d_Urpean.png\"><img loading=\"lazy\" decoding=\"async\" width=\"644\" height=\"912\" src=\"https:\/\/www.urpean.com\/wp-content\/uploads\/2024\/09\/Flyer-Presentation-Organismes-vermiformes-au-club-d_Urpean-644x912.png\" alt=\"\" class=\"wp-image-10120\" srcset=\"https:\/\/www.urpean.com\/wp-content\/uploads\/2024\/09\/Flyer-Presentation-Organismes-vermiformes-au-club-d_Urpean-644x912.png 644w, https:\/\/www.urpean.com\/wp-content\/uploads\/2024\/09\/Flyer-Presentation-Organismes-vermiformes-au-club-d_Urpean-212x300.png 212w, https:\/\/www.urpean.com\/wp-content\/uploads\/2024\/09\/Flyer-Presentation-Organismes-vermiformes-au-club-d_Urpean-768x1088.png 768w, https:\/\/www.urpean.com\/wp-content\/uploads\/2024\/09\/Flyer-Presentation-Organismes-vermiformes-au-club-d_Urpean-1084x1536.png 1084w, https:\/\/www.urpean.com\/wp-content\/uploads\/2024\/09\/Flyer-Presentation-Organismes-vermiformes-au-club-d_Urpean.png 1167w\" sizes=\"auto, (max-width: 644px) 100vw, 644px\" \/><\/a><\/figure>\n","protected":false},"excerpt":{"rendered":"<p>Hello Urpean Vendredi 13 et oui cela porte chance donc en ce vendredi 13 septembre se tiendra au club Urpean \u00e0 19 h dans la salle du txoko une pr\u00e9sentation organis\u00e9e par Myriam Laplace sur les organismes vermiformes de la c\u00f4te basque. On vous attends, venez&nbsp; nombreux&nbsp; Belle semaine&nbsp; &nbsp;<\/p>\n","protected":false},"author":192,"featured_media":0,"comment_status":"closed","ping_status":"open","sticky":false,"template":"","format":"standard","meta":{"_crdt_document":"","ngg_post_thumbnail":0,"footnotes":""},"categories":[1],"tags":[],"class_list":["post-10119","post","type-post","status-publish","format-standard","hentry","category-non-classe"],"views":386,"_links":{"self":[{"href":"https:\/\/www.urpean.com\/index.php?rest_route=\/wp\/v2\/posts\/10119","targetHints":{"allow":["GET"]}}],"collection":[{"href":"https:\/\/www.urpean.com\/index.php?rest_route=\/wp\/v2\/posts"}],"about":[{"href":"https:\/\/www.urpean.com\/index.php?rest_route=\/wp\/v2\/types\/post"}],"author":[{"embeddable":true,"href":"https:\/\/www.urpean.com\/index.php?rest_route=\/wp\/v2\/users\/192"}],"replies":[{"embeddable":true,"href":"https:\/\/www.urpean.com\/index.php?rest_route=%2Fwp%2Fv2%2Fcomments&post=10119"}],"version-history":[{"count":4,"href":"https:\/\/www.urpean.com\/index.php?rest_route=\/wp\/v2\/posts\/10119\/revisions"}],"predecessor-version":[{"id":10124,"href":"https:\/\/www.urpean.com\/index.php?rest_route=\/wp\/v2\/posts\/10119\/revisions\/10124"}],"wp:attachment":[{"href":"https:\/\/www.urpean.com\/index.php?rest_route=%2Fwp%2Fv2%2Fmedia&parent=10119"}],"wp:term":[{"taxonomy":"category","embeddable":true,"href":"https:\/\/www.urpean.com\/index.php?rest_route=%2Fwp%2Fv2%2Fcategories&post=10119"},{"taxonomy":"post_tag","embeddable":true,"href":"https:\/\/www.urpean.com\/index.php?rest_route=%2Fwp%2Fv2%2Ftags&post=10119"}],"curies":[{"name":"wp","href":"https:\/\/api.w.org\/{rel}","templated":true}]}}