{"id":10133,"date":"2024-09-16T11:31:38","date_gmt":"2024-09-16T10:31:38","guid":{"rendered":"https:\/\/www.urpean.com\/?p=10133"},"modified":"2024-09-16T11:31:40","modified_gmt":"2024-09-16T10:31:40","slug":"samedi-21-09-a-19-h-au-club-urpean-presentation-les-crustaces-de-la-cote-basque","status":"publish","type":"post","link":"https:\/\/www.urpean.com\/?p=10133","title":{"rendered":"Samedi 21\/09 \u00e0 19 h au club Urpean   Pr\u00e9sentation : les crustac\u00e9s de la c\u00f4te basque"},"content":{"rendered":"\n<p>Hello Urpean<\/p>\n<p><strong>Samedi 21 septembre<\/strong> se tiendra au club Urpean <strong>\u00e0 19 h<\/strong> dans la salle du txoko une pr\u00e9sentation organis\u00e9e par Myriam Laplace sur les crustac\u00e9s de la c\u00f4te basque\u00a0<\/p>\n<p>On vous attends, venez\u00a0 nombreux\u00a0<\/p>\n<p>Belle semaine\u00a0<\/p>\n\n\n\n\n\n\n\n<figure class=\"wp-block-gallery has-nested-images columns-default is-cropped wp-block-gallery-1 is-layout-flex wp-block-gallery-is-layout-flex\">\n<figure class=\"wp-block-image size-large\"><a href=\"https:\/\/www.urpean.com\/wp-content\/uploads\/2024\/09\/Flyer-Presentation-Crustaces-au-club-d_Urpean.jpg\"><img loading=\"lazy\" decoding=\"async\" width=\"644\" height=\"914\" data-id=\"10134\" src=\"https:\/\/www.urpean.com\/wp-content\/uploads\/2024\/09\/Flyer-Presentation-Crustaces-au-club-d_Urpean-644x914.jpg\" alt=\"\" class=\"wp-image-10134\" srcset=\"https:\/\/www.urpean.com\/wp-content\/uploads\/2024\/09\/Flyer-Presentation-Crustaces-au-club-d_Urpean-644x914.jpg 644w, https:\/\/www.urpean.com\/wp-content\/uploads\/2024\/09\/Flyer-Presentation-Crustaces-au-club-d_Urpean-211x300.jpg 211w, https:\/\/www.urpean.com\/wp-content\/uploads\/2024\/09\/Flyer-Presentation-Crustaces-au-club-d_Urpean-768x1090.jpg 768w, https:\/\/www.urpean.com\/wp-content\/uploads\/2024\/09\/Flyer-Presentation-Crustaces-au-club-d_Urpean-1082x1536.jpg 1082w, https:\/\/www.urpean.com\/wp-content\/uploads\/2024\/09\/Flyer-Presentation-Crustaces-au-club-d_Urpean.jpg 1165w\" sizes=\"auto, (max-width: 644px) 100vw, 644px\" \/><\/a><\/figure>\n<\/figure>\n","protected":false},"excerpt":{"rendered":"<p>Hello Urpean Samedi 21 septembre se tiendra au club Urpean \u00e0 19 h dans la salle du txoko une pr\u00e9sentation organis\u00e9e par Myriam Laplace sur les crustac\u00e9s de la c\u00f4te basque\u00a0 On vous attends, venez\u00a0 nombreux\u00a0 Belle semaine\u00a0<\/p>\n","protected":false},"author":192,"featured_media":0,"comment_status":"closed","ping_status":"open","sticky":false,"template":"","format":"standard","meta":{"_crdt_document":"","ngg_post_thumbnail":0,"footnotes":""},"categories":[1],"tags":[],"class_list":["post-10133","post","type-post","status-publish","format-standard","hentry","category-non-classe"],"views":427,"_links":{"self":[{"href":"https:\/\/www.urpean.com\/index.php?rest_route=\/wp\/v2\/posts\/10133","targetHints":{"allow":["GET"]}}],"collection":[{"href":"https:\/\/www.urpean.com\/index.php?rest_route=\/wp\/v2\/posts"}],"about":[{"href":"https:\/\/www.urpean.com\/index.php?rest_route=\/wp\/v2\/types\/post"}],"author":[{"embeddable":true,"href":"https:\/\/www.urpean.com\/index.php?rest_route=\/wp\/v2\/users\/192"}],"replies":[{"embeddable":true,"href":"https:\/\/www.urpean.com\/index.php?rest_route=%2Fwp%2Fv2%2Fcomments&post=10133"}],"version-history":[{"count":1,"href":"https:\/\/www.urpean.com\/index.php?rest_route=\/wp\/v2\/posts\/10133\/revisions"}],"predecessor-version":[{"id":10135,"href":"https:\/\/www.urpean.com\/index.php?rest_route=\/wp\/v2\/posts\/10133\/revisions\/10135"}],"wp:attachment":[{"href":"https:\/\/www.urpean.com\/index.php?rest_route=%2Fwp%2Fv2%2Fmedia&parent=10133"}],"wp:term":[{"taxonomy":"category","embeddable":true,"href":"https:\/\/www.urpean.com\/index.php?rest_route=%2Fwp%2Fv2%2Fcategories&post=10133"},{"taxonomy":"post_tag","embeddable":true,"href":"https:\/\/www.urpean.com\/index.php?rest_route=%2Fwp%2Fv2%2Ftags&post=10133"}],"curies":[{"name":"wp","href":"https:\/\/api.w.org\/{rel}","templated":true}]}}