{"id":10383,"date":"2025-06-17T09:49:36","date_gmt":"2025-06-17T08:49:36","guid":{"rendered":"https:\/\/www.urpean.com\/?p=10383"},"modified":"2025-06-17T13:40:18","modified_gmt":"2025-06-17T12:40:18","slug":"trophee-photo-argia-2025-10-ans-deja","status":"publish","type":"post","link":"https:\/\/www.urpean.com\/?p=10383","title":{"rendered":"Troph\u00e9e photo ARGIA 2025, 10 ans d\u00e9j\u00e0!"},"content":{"rendered":"\n<figure class=\"wp-block-image size-large is-resized\"><a href=\"https:\/\/www.urpean.com\/wp-content\/uploads\/2025\/01\/ARGIA_2025_portrait-scaled.jpg\"><img loading=\"lazy\" decoding=\"async\" width=\"644\" height=\"858\" src=\"https:\/\/www.urpean.com\/wp-content\/uploads\/2025\/01\/ARGIA_2025_portrait-644x858.jpg\" alt=\"\" class=\"wp-image-10257\" style=\"width:828px;height:auto\" srcset=\"https:\/\/www.urpean.com\/wp-content\/uploads\/2025\/01\/ARGIA_2025_portrait-644x858.jpg 644w, https:\/\/www.urpean.com\/wp-content\/uploads\/2025\/01\/ARGIA_2025_portrait-225x300.jpg 225w, https:\/\/www.urpean.com\/wp-content\/uploads\/2025\/01\/ARGIA_2025_portrait-768x1023.jpg 768w, https:\/\/www.urpean.com\/wp-content\/uploads\/2025\/01\/ARGIA_2025_portrait-1153x1536.jpg 1153w, https:\/\/www.urpean.com\/wp-content\/uploads\/2025\/01\/ARGIA_2025_portrait-1537x2048.jpg 1537w, https:\/\/www.urpean.com\/wp-content\/uploads\/2025\/01\/ARGIA_2025_portrait-scaled.jpg 1922w\" sizes=\"auto, (max-width: 644px) 100vw, 644px\" \/><\/a><\/figure>\n\n\n\n<p>D\u00e9j\u00e0 10 ans!!!<\/p>\n<p>Ce WE,&nbsp;URPEAN organise pour sa dixi\u00e8me ann\u00e9e, le troph\u00e9e <strong>ARGIA<\/strong>, qui va r\u00e9unir 13 \u00e9quipes de photographes pour une comp\u00e9tition de photos sous-marines num\u00e9riques en cat\u00e9gories reflex et compact. Cette \u00e9preuve fait partie de la Coupe de France de photo Animali\u00e8re organis\u00e9e para la commission nationale de Photo-Vid\u00e9o sous-marine de la <strong>FFESSM<\/strong>.<\/p>\n<p><span style=\"color: #ff0000;\"><strong>Samedi 21 Juin 2025<\/strong><\/span>&nbsp;: Manche de 3h dans la Baie de BIOSNAR (2 bouteilles autoris\u00e9es), pour rendre 150 images, parmi lesquelles chaque \u00e9quipe en choisira 5 qui seront remises au jury pour classement selon 5 th\u00e8mes:<\/p>\n<ul>\n<li>Ambiance en format paysage<\/li>\n<li>Ambiance en format portrait<\/li>\n<li>Poisson (entier)<\/li>\n<li>Macro poisson<\/li>\n<li>Macro non poisson<\/li>\n<\/ul>\n<p><span style=\"color: #0000ff;\"><strong><span style=\"color: #ff0000;\">Dimanche 22 Juin<\/span> \u00e0 12h30 au TXOKO d&rsquo;URPEAN<\/strong><\/span> :<\/p>\n<p><span style=\"color: #0000ff;\">Projection des photos, proclamation des r\u00e9sultats et remise des prix. Venez NOMBREUX ! Projection ouverte aux soci\u00e9taires URPEAN et\/ou amis.<\/span><\/p>\n<p>&nbsp;<\/p>\n<p>Appel \u00e0 b\u00e9n\u00e9voles:<\/p>\n<ul>\n<li>Pour donner un coup de main la journ\u00e9e du Samedi : Gonflage, surveillance, service \u00e0 table pour le repas du soir, faites-vous conna\u00eetre!<\/li>\n<\/ul>\n","protected":false},"excerpt":{"rendered":"<p>D\u00e9j\u00e0 10 ans!!! Ce WE,&nbsp;URPEAN organise pour sa dixi\u00e8me ann\u00e9e, le troph\u00e9e ARGIA, qui va r\u00e9unir 13 \u00e9quipes de photographes pour une comp\u00e9tition de photos sous-marines num\u00e9riques en cat\u00e9gories reflex et compact. Cette \u00e9preuve fait partie de la Coupe de France de photo Animali\u00e8re organis\u00e9e para la commission nationale de Photo-Vid\u00e9o sous-marine de la FFESSM&#8230;.<\/p>\n","protected":false},"author":5,"featured_media":0,"comment_status":"closed","ping_status":"open","sticky":false,"template":"","format":"standard","meta":{"_crdt_document":"","ngg_post_thumbnail":0,"footnotes":""},"categories":[1],"tags":[],"class_list":["post-10383","post","type-post","status-publish","format-standard","hentry","category-non-classe"],"views":362,"_links":{"self":[{"href":"https:\/\/www.urpean.com\/index.php?rest_route=\/wp\/v2\/posts\/10383","targetHints":{"allow":["GET"]}}],"collection":[{"href":"https:\/\/www.urpean.com\/index.php?rest_route=\/wp\/v2\/posts"}],"about":[{"href":"https:\/\/www.urpean.com\/index.php?rest_route=\/wp\/v2\/types\/post"}],"author":[{"embeddable":true,"href":"https:\/\/www.urpean.com\/index.php?rest_route=\/wp\/v2\/users\/5"}],"replies":[{"embeddable":true,"href":"https:\/\/www.urpean.com\/index.php?rest_route=%2Fwp%2Fv2%2Fcomments&post=10383"}],"version-history":[{"count":2,"href":"https:\/\/www.urpean.com\/index.php?rest_route=\/wp\/v2\/posts\/10383\/revisions"}],"predecessor-version":[{"id":10386,"href":"https:\/\/www.urpean.com\/index.php?rest_route=\/wp\/v2\/posts\/10383\/revisions\/10386"}],"wp:attachment":[{"href":"https:\/\/www.urpean.com\/index.php?rest_route=%2Fwp%2Fv2%2Fmedia&parent=10383"}],"wp:term":[{"taxonomy":"category","embeddable":true,"href":"https:\/\/www.urpean.com\/index.php?rest_route=%2Fwp%2Fv2%2Fcategories&post=10383"},{"taxonomy":"post_tag","embeddable":true,"href":"https:\/\/www.urpean.com\/index.php?rest_route=%2Fwp%2Fv2%2Ftags&post=10383"}],"curies":[{"name":"wp","href":"https:\/\/api.w.org\/{rel}","templated":true}]}}