{"id":10411,"date":"2025-06-27T07:41:33","date_gmt":"2025-06-27T06:41:33","guid":{"rendered":"https:\/\/www.urpean.com\/?p=10411"},"modified":"2025-06-27T07:41:34","modified_gmt":"2025-06-27T06:41:34","slug":"fetes-des-xipirons-et-de-la-mer-2025","status":"publish","type":"post","link":"https:\/\/www.urpean.com\/?p=10411","title":{"rendered":"F\u00caTES des XIPIRONS et de la MER 2025"},"content":{"rendered":"\n\n\n\n\n\n\n\n\n<p>Hello Urpean\u00a0<\/p>\n<p><strong>Les f\u00eates des XIPIRONS et de la MER reviennent \u00e0 grand pas. Vous savez tous qu&rsquo;elles sont indispensables au bon fonctionnement du club, nous comptons sur l&rsquo;ensemble des soci\u00e9taires pour que ces f\u00eates soient une r\u00e9ussite.\u00a0<\/strong><\/p>\n<p><em>voici les dates importantes \u00e0 retenir :<\/em><\/p>\n<p><strong>F\u00caTE XIPIRONS le 13 juillet<\/strong><\/p>\n<p><strong>F\u00caTE de la MER les 26 et 27 juillet<\/strong><\/p>\n<p>Veuillez-vous inscrire et donner vos disponibilit\u00e9s en suivant ce lien : <a href=\"https:\/\/forms.gle\/QKZNM9xpkrgnjXa27\">https:\/\/forms.gle\/QKZNM9xpkrgnjXa27<\/a><\/p>\n\n\n\n<p>Plus nous serons nombreux, moins le travail sera p\u00e9nible et la soir\u00e9e agr\u00e9able !\u00a0<\/p>\n<p>Pour faciliter l organisation et le travail des b\u00e9n\u00e9voles, une ou un r\u00e9f\u00e9rent(e) pour tous les postes importants sera mis en place.<\/p>\n<p>Par exemple :\u00a0<\/p>\n<ul>\n<li>Montage \/ d\u00e9montage<\/li>\n<li>Bar<\/li>\n<li>Service<\/li>\n<li>Cuisine<\/li>\n<li>Nettoyage au club<\/li>\n<li>Etc&#8230;<\/li>\n<\/ul>\n\n\n\n<p>\u00a0<\/p>\n<p>Si vous avez envie de vous investir sur un de ces poste, n&rsquo;h\u00e9sitez pas \u00e0 contacter\u00a0<a href=\"info@urpean.com\">info@urpean.com<\/a><\/p>\n<p>Belle journ\u00e9e\u00a0<\/p>\n\n\n\n\n","protected":false},"excerpt":{"rendered":"<p>Hello Urpean\u00a0 Les f\u00eates des XIPIRONS et de la MER reviennent \u00e0 grand pas. Vous savez tous qu&rsquo;elles sont indispensables au bon fonctionnement du club, nous comptons sur l&rsquo;ensemble des soci\u00e9taires pour que ces f\u00eates soient une r\u00e9ussite.\u00a0 voici les dates importantes \u00e0 retenir : F\u00caTE XIPIRONS le 13 juillet F\u00caTE de la MER les&#8230;<\/p>\n","protected":false},"author":192,"featured_media":0,"comment_status":"closed","ping_status":"open","sticky":false,"template":"","format":"standard","meta":{"_crdt_document":"","ngg_post_thumbnail":0,"footnotes":""},"categories":[1],"tags":[],"class_list":["post-10411","post","type-post","status-publish","format-standard","hentry","category-non-classe"],"views":430,"_links":{"self":[{"href":"https:\/\/www.urpean.com\/index.php?rest_route=\/wp\/v2\/posts\/10411","targetHints":{"allow":["GET"]}}],"collection":[{"href":"https:\/\/www.urpean.com\/index.php?rest_route=\/wp\/v2\/posts"}],"about":[{"href":"https:\/\/www.urpean.com\/index.php?rest_route=\/wp\/v2\/types\/post"}],"author":[{"embeddable":true,"href":"https:\/\/www.urpean.com\/index.php?rest_route=\/wp\/v2\/users\/192"}],"replies":[{"embeddable":true,"href":"https:\/\/www.urpean.com\/index.php?rest_route=%2Fwp%2Fv2%2Fcomments&post=10411"}],"version-history":[{"count":5,"href":"https:\/\/www.urpean.com\/index.php?rest_route=\/wp\/v2\/posts\/10411\/revisions"}],"predecessor-version":[{"id":10416,"href":"https:\/\/www.urpean.com\/index.php?rest_route=\/wp\/v2\/posts\/10411\/revisions\/10416"}],"wp:attachment":[{"href":"https:\/\/www.urpean.com\/index.php?rest_route=%2Fwp%2Fv2%2Fmedia&parent=10411"}],"wp:term":[{"taxonomy":"category","embeddable":true,"href":"https:\/\/www.urpean.com\/index.php?rest_route=%2Fwp%2Fv2%2Fcategories&post=10411"},{"taxonomy":"post_tag","embeddable":true,"href":"https:\/\/www.urpean.com\/index.php?rest_route=%2Fwp%2Fv2%2Ftags&post=10411"}],"curies":[{"name":"wp","href":"https:\/\/api.w.org\/{rel}","templated":true}]}}