{"id":10460,"date":"2025-07-19T19:55:33","date_gmt":"2025-07-19T18:55:33","guid":{"rendered":"https:\/\/www.urpean.com\/?p=10460"},"modified":"2025-07-19T19:55:35","modified_gmt":"2025-07-19T18:55:35","slug":"remise-des-diplomes-2025","status":"publish","type":"post","link":"https:\/\/www.urpean.com\/?p=10460","title":{"rendered":"Remise des dipl\u00f4mes 2025"},"content":{"rendered":"\n\n\n\n\n<p>Hello Urpean,\u00a0<\/p>\n<p>Le dimanche 27 juillet apr\u00e8s le repas du midi de la f\u00eate de la mer (vers 15h)\u00a0 se tiendra la c\u00e9r\u00e9monie des remises des dipl\u00f4mes 2025, au club.\u00a0<\/p>\n<p>Vous pouvez venir d\u00e8s le midi pour profiter de la f\u00eate de la mer qui se tient devant notre club. N&rsquo;oubliez pas de vous inscrire pour donner un coup de main: <a href=\"https:\/\/forms.gle\/vzqYAfPxx4mKQCAM7\">https:\/\/forms.gle\/vzqYAfPxx4mKQCAM7<\/a><\/p>\n<p>Venez nombreux, on vous attend. Merci \u00e0 vous.<\/p>\n<p>\u00a0<\/p>\n<p>\u00a0<\/p>\n\n\n\n<figure class=\"wp-block-gallery has-nested-images columns-default is-cropped wp-block-gallery-1 is-layout-flex wp-block-gallery-is-layout-flex\">\n<figure class=\"wp-block-image size-large\"><a href=\"https:\/\/www.urpean.com\/wp-content\/uploads\/2025\/07\/pngtree-graduation-celebration-ceremony-png-image_13373457.png\"><img loading=\"lazy\" decoding=\"async\" width=\"644\" height=\"644\" data-id=\"10461\" src=\"https:\/\/www.urpean.com\/wp-content\/uploads\/2025\/07\/pngtree-graduation-celebration-ceremony-png-image_13373457-644x644.png\" alt=\"\" class=\"wp-image-10461\" srcset=\"https:\/\/www.urpean.com\/wp-content\/uploads\/2025\/07\/pngtree-graduation-celebration-ceremony-png-image_13373457-644x644.png 644w, https:\/\/www.urpean.com\/wp-content\/uploads\/2025\/07\/pngtree-graduation-celebration-ceremony-png-image_13373457-300x300.png 300w, https:\/\/www.urpean.com\/wp-content\/uploads\/2025\/07\/pngtree-graduation-celebration-ceremony-png-image_13373457-150x150.png 150w, https:\/\/www.urpean.com\/wp-content\/uploads\/2025\/07\/pngtree-graduation-celebration-ceremony-png-image_13373457-768x768.png 768w, https:\/\/www.urpean.com\/wp-content\/uploads\/2025\/07\/pngtree-graduation-celebration-ceremony-png-image_13373457-144x144.png 144w, https:\/\/www.urpean.com\/wp-content\/uploads\/2025\/07\/pngtree-graduation-celebration-ceremony-png-image_13373457-120x120.png 120w, https:\/\/www.urpean.com\/wp-content\/uploads\/2025\/07\/pngtree-graduation-celebration-ceremony-png-image_13373457.png 1200w\" sizes=\"auto, (max-width: 644px) 100vw, 644px\" \/><\/a><\/figure>\n<\/figure>\n\n\n","protected":false},"excerpt":{"rendered":"<p>Hello Urpean,\u00a0 Le dimanche 27 juillet apr\u00e8s le repas du midi de la f\u00eate de la mer (vers 15h)\u00a0 se tiendra la c\u00e9r\u00e9monie des remises des dipl\u00f4mes 2025, au club.\u00a0 Vous pouvez venir d\u00e8s le midi pour profiter de la f\u00eate de la mer qui se tient devant notre club. N&rsquo;oubliez pas de vous inscrire&#8230;<\/p>\n","protected":false},"author":192,"featured_media":0,"comment_status":"closed","ping_status":"open","sticky":false,"template":"","format":"standard","meta":{"_crdt_document":"","ngg_post_thumbnail":0,"footnotes":""},"categories":[1],"tags":[],"class_list":["post-10460","post","type-post","status-publish","format-standard","hentry","category-non-classe"],"views":410,"_links":{"self":[{"href":"https:\/\/www.urpean.com\/index.php?rest_route=\/wp\/v2\/posts\/10460","targetHints":{"allow":["GET"]}}],"collection":[{"href":"https:\/\/www.urpean.com\/index.php?rest_route=\/wp\/v2\/posts"}],"about":[{"href":"https:\/\/www.urpean.com\/index.php?rest_route=\/wp\/v2\/types\/post"}],"author":[{"embeddable":true,"href":"https:\/\/www.urpean.com\/index.php?rest_route=\/wp\/v2\/users\/192"}],"replies":[{"embeddable":true,"href":"https:\/\/www.urpean.com\/index.php?rest_route=%2Fwp%2Fv2%2Fcomments&post=10460"}],"version-history":[{"count":4,"href":"https:\/\/www.urpean.com\/index.php?rest_route=\/wp\/v2\/posts\/10460\/revisions"}],"predecessor-version":[{"id":10467,"href":"https:\/\/www.urpean.com\/index.php?rest_route=\/wp\/v2\/posts\/10460\/revisions\/10467"}],"wp:attachment":[{"href":"https:\/\/www.urpean.com\/index.php?rest_route=%2Fwp%2Fv2%2Fmedia&parent=10460"}],"wp:term":[{"taxonomy":"category","embeddable":true,"href":"https:\/\/www.urpean.com\/index.php?rest_route=%2Fwp%2Fv2%2Fcategories&post=10460"},{"taxonomy":"post_tag","embeddable":true,"href":"https:\/\/www.urpean.com\/index.php?rest_route=%2Fwp%2Fv2%2Ftags&post=10460"}],"curies":[{"name":"wp","href":"https:\/\/api.w.org\/{rel}","templated":true}]}}