{"id":1052,"date":"2010-05-14T08:12:26","date_gmt":"2010-05-14T07:12:26","guid":{"rendered":"http:\/\/www.urpean.com\/?p=1052"},"modified":"2010-05-14T08:12:26","modified_gmt":"2010-05-14T07:12:26","slug":"dimanche-2-mai-descente-internationale-de-la-bidassoa","status":"publish","type":"post","link":"https:\/\/www.urpean.com\/?p=1052","title":{"rendered":"Dimanche 2 mai : Descente Internationale de la Bidassoa"},"content":{"rendered":"ngg_shortcode_0_placeholder\n<p>Malgr\u00e9 un temps incertain, les comp\u00e9titeurs ont \u00e9t\u00e9 nombreux cette ann\u00e9e \u00e0 participer \u00e0 la descente \u00e0 la palme de la rivi\u00e8re Bidassoa. Un cru exceptionnel puisque le record de participation a \u00e9t\u00e9 battu \u00e0 cette occasion. En effet 38 participants ont pris part \u00e0 l\u2019\u00e9preuve des 14 kms dans une eau pourtant \u00e0 6\u00b0 et 70 participants \u00e0 celle des 7 kms.<\/p>\n<p>Parmi les participants on pouvait remarquer Jaime Caballero recordman mondial de la travers\u00e9e du d\u00e9troit de Gibraltar et record de la travers\u00e9e de la Manche en 2007, ainsi que Ion Iturrioz champion d\u2019Europe en mono palme et vainqueur des trois derni\u00e8res \u00e9ditons de la Descente de la Bidassoa.<\/p>\n<p>Vous trouverez <a href=\"https:\/\/docs.google.com\/document\/edit?id=1AF1mnjrmobmDLB8dHqKtJWFIa6kmHJXcuvJzlblIizA&amp;hl=fr\"><span style=\"color: #ff0000;\"><strong>ici<\/strong><\/span><\/a> le classement par cat\u00e9gories des comp\u00e9titeurs.<\/p>\n<p>Pour visualiser toutes les photos (plus de 250) il vous suffira de les t\u00e9l\u00e9charger <a href=\"http:\/\/picasaweb.google.fr\/110350122435439848278\/JeanBaptiste?authkey=Gv1sRgCOT3252IqN74bw&amp;feat=directlink\"><span style=\"color: #ff0000;\"><strong>ici<\/strong><\/span><\/a>.<\/p>\n<p>Merci aux participants que nous attendons encore plus nombreux l\u2019ann\u00e9e prochaine.<\/p>\n<p>URPEAN<\/p>\n","protected":false},"excerpt":{"rendered":"<p>Malgr\u00e9 un temps incertain, les comp\u00e9titeurs ont \u00e9t\u00e9 nombreux cette ann\u00e9e \u00e0 participer \u00e0 la descente \u00e0 la palme de la rivi\u00e8re Bidassoa. Un cru exceptionnel puisque le record de participation a \u00e9t\u00e9 battu \u00e0 cette occasion. En effet 38 participants ont pris part \u00e0 l\u2019\u00e9preuve des 14 kms dans une eau pourtant \u00e0 6\u00b0&#8230;<\/p>\n","protected":false},"author":3,"featured_media":0,"comment_status":"open","ping_status":"open","sticky":false,"template":"","format":"standard","meta":{"_crdt_document":"","ngg_post_thumbnail":0,"footnotes":""},"categories":[5],"tags":[],"class_list":["post-1052","post","type-post","status-publish","format-standard","hentry","category-vie-du-club"],"views":6667,"_links":{"self":[{"href":"https:\/\/www.urpean.com\/index.php?rest_route=\/wp\/v2\/posts\/1052","targetHints":{"allow":["GET"]}}],"collection":[{"href":"https:\/\/www.urpean.com\/index.php?rest_route=\/wp\/v2\/posts"}],"about":[{"href":"https:\/\/www.urpean.com\/index.php?rest_route=\/wp\/v2\/types\/post"}],"author":[{"embeddable":true,"href":"https:\/\/www.urpean.com\/index.php?rest_route=\/wp\/v2\/users\/3"}],"replies":[{"embeddable":true,"href":"https:\/\/www.urpean.com\/index.php?rest_route=%2Fwp%2Fv2%2Fcomments&post=1052"}],"version-history":[{"count":0,"href":"https:\/\/www.urpean.com\/index.php?rest_route=\/wp\/v2\/posts\/1052\/revisions"}],"wp:attachment":[{"href":"https:\/\/www.urpean.com\/index.php?rest_route=%2Fwp%2Fv2%2Fmedia&parent=1052"}],"wp:term":[{"taxonomy":"category","embeddable":true,"href":"https:\/\/www.urpean.com\/index.php?rest_route=%2Fwp%2Fv2%2Fcategories&post=1052"},{"taxonomy":"post_tag","embeddable":true,"href":"https:\/\/www.urpean.com\/index.php?rest_route=%2Fwp%2Fv2%2Ftags&post=1052"}],"curies":[{"name":"wp","href":"https:\/\/api.w.org\/{rel}","templated":true}]}}