{"id":1232,"date":"2010-08-14T16:19:58","date_gmt":"2010-08-14T15:19:58","guid":{"rendered":"http:\/\/www.urpean.com\/?p=1232"},"modified":"2010-08-14T16:19:58","modified_gmt":"2010-08-14T15:19:58","slug":"felicitations-olivier","status":"publish","type":"post","link":"https:\/\/www.urpean.com\/?p=1232","title":{"rendered":"F\u00e9licitations Olivier"},"content":{"rendered":"<p>Depuis 3 ans, \u00e0 Euskal Besta (La f\u00eate Basque) qui a eu lieu du 6 au 8 ao\u00fbt 2010, il est coutume d\u2019honorer les sportifs des associations Hendayaises qui se sont fait remarquer l\u2019ann\u00e9e \u00e9coul\u00e9e.<\/p>\n<p>Urpean a fait parti de ces clubs qui ont eu le privil\u00e8ge de pr\u00e9senter un de ces membres : Olivier Delorieux.<\/p>\n<p>Olivier a termin\u00e9 1\u00b0 au championnat Interr\u00e9gional Manche\/Atlantique de photographie sous-marine, il est de fait s\u00e9lectionn\u00e9 pour le championnat de France, \u00a0qui aura lieu en Corse.<\/p>\n<p>Je n\u2019oublie pas son \u00e9pouse et mod\u00e8le (et non pas \u00e9pouse mod\u00e8le) : Katia.<\/p>\n<p>F\u00e9licitations et merci \u00e0 tous les deux et continuer \u00e0 faire honneur \u00e0 notre club, notre ville et \u00e0 la c\u00f4te Basque.<br \/>\nLe Pr\u00e9sident : Eric Saint martin<\/p>\n<p style=\"text-align: center;\"><a href=\"http:\/\/www.urpean.com\/wp-content\/uploads\/2010\/08\/2006-04-23_URPEAN-412.jpg\"><img loading=\"lazy\" decoding=\"async\" class=\"aligncenter size-medium wp-image-1237\" style=\"border: 1px solid black;\" title=\"2006-04-23_URPEAN-41\" src=\"http:\/\/www.urpean.com\/wp-content\/uploads\/2010\/08\/2006-04-23_URPEAN-412-199x300.jpg\" alt=\"\" width=\"199\" height=\"300\" srcset=\"https:\/\/www.urpean.com\/wp-content\/uploads\/2010\/08\/2006-04-23_URPEAN-412-199x300.jpg 199w, https:\/\/www.urpean.com\/wp-content\/uploads\/2010\/08\/2006-04-23_URPEAN-412.jpg 399w\" sizes=\"auto, (max-width: 199px) 100vw, 199px\" \/><\/a><\/p>\n","protected":false},"excerpt":{"rendered":"<p>Depuis 3 ans, \u00e0 Euskal Besta (La f\u00eate Basque) qui a eu lieu du 6 au 8 ao\u00fbt 2010, il est coutume d\u2019honorer les sportifs des associations Hendayaises qui se sont fait remarquer l\u2019ann\u00e9e \u00e9coul\u00e9e. Urpean a fait parti de ces clubs qui ont eu le privil\u00e8ge de pr\u00e9senter un de ces membres : Olivier&#8230;<\/p>\n","protected":false},"author":3,"featured_media":0,"comment_status":"open","ping_status":"open","sticky":false,"template":"","format":"standard","meta":{"_crdt_document":"","ngg_post_thumbnail":0,"footnotes":""},"categories":[7,5],"tags":[],"class_list":["post-1232","post","type-post","status-publish","format-standard","hentry","category-photo-ss-marine","category-vie-du-club"],"views":2408,"_links":{"self":[{"href":"https:\/\/www.urpean.com\/index.php?rest_route=\/wp\/v2\/posts\/1232","targetHints":{"allow":["GET"]}}],"collection":[{"href":"https:\/\/www.urpean.com\/index.php?rest_route=\/wp\/v2\/posts"}],"about":[{"href":"https:\/\/www.urpean.com\/index.php?rest_route=\/wp\/v2\/types\/post"}],"author":[{"embeddable":true,"href":"https:\/\/www.urpean.com\/index.php?rest_route=\/wp\/v2\/users\/3"}],"replies":[{"embeddable":true,"href":"https:\/\/www.urpean.com\/index.php?rest_route=%2Fwp%2Fv2%2Fcomments&post=1232"}],"version-history":[{"count":0,"href":"https:\/\/www.urpean.com\/index.php?rest_route=\/wp\/v2\/posts\/1232\/revisions"}],"wp:attachment":[{"href":"https:\/\/www.urpean.com\/index.php?rest_route=%2Fwp%2Fv2%2Fmedia&parent=1232"}],"wp:term":[{"taxonomy":"category","embeddable":true,"href":"https:\/\/www.urpean.com\/index.php?rest_route=%2Fwp%2Fv2%2Fcategories&post=1232"},{"taxonomy":"post_tag","embeddable":true,"href":"https:\/\/www.urpean.com\/index.php?rest_route=%2Fwp%2Fv2%2Ftags&post=1232"}],"curies":[{"name":"wp","href":"https:\/\/api.w.org\/{rel}","templated":true}]}}