{"id":1281,"date":"2010-09-02T20:36:48","date_gmt":"2010-09-02T19:36:48","guid":{"rendered":"http:\/\/www.urpean.com\/?p=1281"},"modified":"2010-09-02T20:36:48","modified_gmt":"2010-09-02T19:36:48","slug":"felicitations-a-nos-moniteurs-de-cet-ete","status":"publish","type":"post","link":"https:\/\/www.urpean.com\/?p=1281","title":{"rendered":"F\u00e9licitations \u00e0 nos moniteurs de cet \u00e9t\u00e9"},"content":{"rendered":"<p>Notre\u00a0saison estivale s\u2019est termin\u00e9e ce 31 ao\u00fbt.<br \/>\nPour les soci\u00e9taires, celle-ci continue jusqu\u2019\u00e0 courant novembre ou d\u00e9cembre si le m\u00e9t\u00e9o le permet.<\/p>\n<p>Nous tenons Eric, Hubert et Josu \u00e0 leur adresser \u00e0 tous les trois nos remerciements pour leur efficacit\u00e9, leur d\u00e9vouement, leur capacit\u00e9 \u00e0 animer dans la meilleure ambiance les sorties en mer tout en en \u00e9tat vigilant avant et apr\u00e8s les plong\u00e9es sur le nouvel arr\u00eat\u00e9 du code du sport du 18 juin 2010.<\/p>\n<p>Le Bureau<\/p>\n<p><a href=\"http:\/\/www.urpean.com\/wp-content\/uploads\/2010\/09\/URPEAN-31-08-2010-200.jpg\"><img loading=\"lazy\" decoding=\"async\" class=\"size-medium wp-image-1314 alignleft\" style=\"margin-top: 0px; margin-bottom: 0px; margin-left: 5px; margin-right: 5px; border: 1px solid black;\" title=\"URPEAN 31 08 2010 - 200\" src=\"http:\/\/www.urpean.com\/wp-content\/uploads\/2010\/09\/URPEAN-31-08-2010-200-300x201.jpg\" alt=\"\" width=\"230\" height=\"150\" \/><\/a><a href=\"http:\/\/www.urpean.com\/wp-content\/uploads\/2010\/09\/URPEAN-31-08-2010-100.jpg\"><img loading=\"lazy\" decoding=\"async\" class=\"aligncenter size-medium wp-image-1313\" style=\"margin-left: 5px; margin-right: 5px; margin-top: 1px; margin-bottom: 1px; border: 1px solid black;\" title=\"URPEAN 31 08 2010 - 100\" src=\"http:\/\/www.urpean.com\/wp-content\/uploads\/2010\/09\/URPEAN-31-08-2010-100-300x201.jpg\" alt=\"\" width=\"230\" height=\"150\" \/><\/a><\/p>\n","protected":false},"excerpt":{"rendered":"<p>Notre\u00a0saison estivale s\u2019est termin\u00e9e ce 31 ao\u00fbt. Pour les soci\u00e9taires, celle-ci continue jusqu\u2019\u00e0 courant novembre ou d\u00e9cembre si le m\u00e9t\u00e9o le permet. Nous tenons Eric, Hubert et Josu \u00e0 leur adresser \u00e0 tous les trois nos remerciements pour leur efficacit\u00e9, leur d\u00e9vouement, leur capacit\u00e9 \u00e0 animer dans la meilleure ambiance les sorties en mer tout&#8230;<\/p>\n","protected":false},"author":3,"featured_media":0,"comment_status":"open","ping_status":"open","sticky":false,"template":"","format":"standard","meta":{"_crdt_document":"","ngg_post_thumbnail":0,"footnotes":""},"categories":[5],"tags":[],"class_list":["post-1281","post","type-post","status-publish","format-standard","hentry","category-vie-du-club"],"views":2821,"_links":{"self":[{"href":"https:\/\/www.urpean.com\/index.php?rest_route=\/wp\/v2\/posts\/1281","targetHints":{"allow":["GET"]}}],"collection":[{"href":"https:\/\/www.urpean.com\/index.php?rest_route=\/wp\/v2\/posts"}],"about":[{"href":"https:\/\/www.urpean.com\/index.php?rest_route=\/wp\/v2\/types\/post"}],"author":[{"embeddable":true,"href":"https:\/\/www.urpean.com\/index.php?rest_route=\/wp\/v2\/users\/3"}],"replies":[{"embeddable":true,"href":"https:\/\/www.urpean.com\/index.php?rest_route=%2Fwp%2Fv2%2Fcomments&post=1281"}],"version-history":[{"count":0,"href":"https:\/\/www.urpean.com\/index.php?rest_route=\/wp\/v2\/posts\/1281\/revisions"}],"wp:attachment":[{"href":"https:\/\/www.urpean.com\/index.php?rest_route=%2Fwp%2Fv2%2Fmedia&parent=1281"}],"wp:term":[{"taxonomy":"category","embeddable":true,"href":"https:\/\/www.urpean.com\/index.php?rest_route=%2Fwp%2Fv2%2Fcategories&post=1281"},{"taxonomy":"post_tag","embeddable":true,"href":"https:\/\/www.urpean.com\/index.php?rest_route=%2Fwp%2Fv2%2Ftags&post=1281"}],"curies":[{"name":"wp","href":"https:\/\/api.w.org\/{rel}","templated":true}]}}