{"id":1338,"date":"2010-09-12T09:04:33","date_gmt":"2010-09-12T08:04:33","guid":{"rendered":"http:\/\/www.urpean.com\/?p=1338"},"modified":"2010-09-12T09:04:33","modified_gmt":"2010-09-12T08:04:33","slug":"du-tout-petit-sur-les-eboulis","status":"publish","type":"post","link":"https:\/\/www.urpean.com\/?p=1338","title":{"rendered":"Du tout petit sur les Eboulis"},"content":{"rendered":"<p>Salut \u00e0 tous,<\/p>\n<p>Encore de belles plong\u00e9es hier, samedi 11 Sept.<\/p>\n<p>C&rsquo;est aux \u00e9boulis que nous sommes all\u00e9s observer les petites b\u00e9b\u00e8tes sous-marine. La visi \u00e9tait plus que correcte mais surtout la temp\u00e9rature \u00e9tait bien meilleure que les week-end pr\u00e9c\u00e9dents.<\/p>\n<p style=\"text-align: left;\">Voici quelques petites images (du tout petit petit !)<\/p>\n<p style=\"text-align: center;\"><a style=\"text-decoration: none;\" href=\"http:\/\/www.urpean.com\/wp-content\/uploads\/2010\/09\/2010-09-11_EBOULIS_20.jpg\"><img loading=\"lazy\" decoding=\"async\" class=\"size-medium wp-image-1339 aligncenter\" style=\"border: 1px solid black;\" title=\"2010-09-11_EBOULIS_20\" src=\"http:\/\/www.urpean.com\/wp-content\/uploads\/2010\/09\/2010-09-11_EBOULIS_20-300x201.jpg\" alt=\"\" width=\"300\" height=\"201\" srcset=\"https:\/\/www.urpean.com\/wp-content\/uploads\/2010\/09\/2010-09-11_EBOULIS_20-300x201.jpg 300w, https:\/\/www.urpean.com\/wp-content\/uploads\/2010\/09\/2010-09-11_EBOULIS_20.jpg 600w\" sizes=\"auto, (max-width: 300px) 100vw, 300px\" \/><\/a><\/p>\n<p style=\"text-align: center;\"><a href=\"http:\/\/www.urpean.com\/wp-content\/uploads\/2010\/09\/2010-09-11_EBOULIS_49.jpg\"><img loading=\"lazy\" decoding=\"async\" class=\"size-medium wp-image-1340 aligncenter\" style=\"border: 1px solid black;\" title=\"2010-09-11_EBOULIS_49\" src=\"http:\/\/www.urpean.com\/wp-content\/uploads\/2010\/09\/2010-09-11_EBOULIS_49-300x201.jpg\" alt=\"\" width=\"300\" height=\"201\" srcset=\"https:\/\/www.urpean.com\/wp-content\/uploads\/2010\/09\/2010-09-11_EBOULIS_49-300x201.jpg 300w, https:\/\/www.urpean.com\/wp-content\/uploads\/2010\/09\/2010-09-11_EBOULIS_49.jpg 600w\" sizes=\"auto, (max-width: 300px) 100vw, 300px\" \/><\/a><\/p>\n<p style=\"text-align: center;\"><a href=\"http:\/\/www.urpean.com\/wp-content\/uploads\/2010\/09\/2010-09-11_EBOULIS_05.jpg\"><img loading=\"lazy\" decoding=\"async\" class=\"size-medium wp-image-1341 aligncenter\" style=\"border: 1px solid black;\" title=\"2010-09-11_EBOULIS_05\" src=\"http:\/\/www.urpean.com\/wp-content\/uploads\/2010\/09\/2010-09-11_EBOULIS_05-300x201.jpg\" alt=\"\" width=\"300\" height=\"201\" srcset=\"https:\/\/www.urpean.com\/wp-content\/uploads\/2010\/09\/2010-09-11_EBOULIS_05-300x201.jpg 300w, https:\/\/www.urpean.com\/wp-content\/uploads\/2010\/09\/2010-09-11_EBOULIS_05.jpg 600w\" sizes=\"auto, (max-width: 300px) 100vw, 300px\" \/><\/a><\/p>\n<p style=\"text-align: left;\">A+<\/p>\n","protected":false},"excerpt":{"rendered":"<p>Salut \u00e0 tous, Encore de belles plong\u00e9es hier, samedi 11 Sept. C&rsquo;est aux \u00e9boulis que nous sommes all\u00e9s observer les petites b\u00e9b\u00e8tes sous-marine. La visi \u00e9tait plus que correcte mais surtout la temp\u00e9rature \u00e9tait bien meilleure que les week-end pr\u00e9c\u00e9dents. Voici quelques petites images (du tout petit petit !) A+<\/p>\n","protected":false},"author":1,"featured_media":0,"comment_status":"open","ping_status":"open","sticky":false,"template":"","format":"standard","meta":{"_crdt_document":"","ngg_post_thumbnail":0,"footnotes":""},"categories":[4,7],"tags":[],"class_list":["post-1338","post","type-post","status-publish","format-standard","hentry","category-infos-plongee","category-photo-ss-marine"],"views":2217,"_links":{"self":[{"href":"https:\/\/www.urpean.com\/index.php?rest_route=\/wp\/v2\/posts\/1338","targetHints":{"allow":["GET"]}}],"collection":[{"href":"https:\/\/www.urpean.com\/index.php?rest_route=\/wp\/v2\/posts"}],"about":[{"href":"https:\/\/www.urpean.com\/index.php?rest_route=\/wp\/v2\/types\/post"}],"author":[{"embeddable":true,"href":"https:\/\/www.urpean.com\/index.php?rest_route=\/wp\/v2\/users\/1"}],"replies":[{"embeddable":true,"href":"https:\/\/www.urpean.com\/index.php?rest_route=%2Fwp%2Fv2%2Fcomments&post=1338"}],"version-history":[{"count":0,"href":"https:\/\/www.urpean.com\/index.php?rest_route=\/wp\/v2\/posts\/1338\/revisions"}],"wp:attachment":[{"href":"https:\/\/www.urpean.com\/index.php?rest_route=%2Fwp%2Fv2%2Fmedia&parent=1338"}],"wp:term":[{"taxonomy":"category","embeddable":true,"href":"https:\/\/www.urpean.com\/index.php?rest_route=%2Fwp%2Fv2%2Fcategories&post=1338"},{"taxonomy":"post_tag","embeddable":true,"href":"https:\/\/www.urpean.com\/index.php?rest_route=%2Fwp%2Fv2%2Ftags&post=1338"}],"curies":[{"name":"wp","href":"https:\/\/api.w.org\/{rel}","templated":true}]}}