{"id":1511,"date":"2010-11-28T18:29:08","date_gmt":"2010-11-28T17:29:08","guid":{"rendered":"http:\/\/www.urpean.com\/?p=1511"},"modified":"2010-11-28T18:29:08","modified_gmt":"2010-11-28T17:29:08","slug":"quelques-images-du-dernier-championnat-de-france-de-photo-sous-marine","status":"publish","type":"post","link":"https:\/\/www.urpean.com\/?p=1511","title":{"rendered":"Quelques images du dernier championnat de France de photo sous-marine"},"content":{"rendered":"<p>Bonsoir \u00e0 tous,<\/p>\n<p>Voici un petit diaporama r\u00e9alis\u00e9 avec des images prises lors des derniers championnats de France de photo sous-marine qui se sont d\u00e9roul\u00e9s en Corse en septembre dernier, \u00e0 Porto-Pollo plus exactement (dans le sud).<\/p>\n<p>L&rsquo;ile de beaut\u00e9 m\u00e9rite bien son nom.<\/p>\n<p><iframe loading=\"lazy\" title=\"Corsica - Sept. 2010\" src=\"https:\/\/player.vimeo.com\/video\/17254832?dnt=1&amp;app_id=122963\" width=\"640\" height=\"360\" frameborder=\"0\" allow=\"autoplay; fullscreen; picture-in-picture; clipboard-write\"><\/iframe><\/p>\n<p>A+<\/p>\n","protected":false},"excerpt":{"rendered":"<p>Bonsoir \u00e0 tous, Voici un petit diaporama r\u00e9alis\u00e9 avec des images prises lors des derniers championnats de France de photo sous-marine qui se sont d\u00e9roul\u00e9s en Corse en septembre dernier, \u00e0 Porto-Pollo plus exactement (dans le sud). L&rsquo;ile de beaut\u00e9 m\u00e9rite bien son nom. A+<\/p>\n","protected":false},"author":1,"featured_media":0,"comment_status":"open","ping_status":"open","sticky":false,"template":"","format":"standard","meta":{"_crdt_document":"","ngg_post_thumbnail":0,"footnotes":""},"categories":[7],"tags":[],"class_list":["post-1511","post","type-post","status-publish","format-standard","hentry","category-photo-ss-marine"],"views":2238,"_links":{"self":[{"href":"https:\/\/www.urpean.com\/index.php?rest_route=\/wp\/v2\/posts\/1511","targetHints":{"allow":["GET"]}}],"collection":[{"href":"https:\/\/www.urpean.com\/index.php?rest_route=\/wp\/v2\/posts"}],"about":[{"href":"https:\/\/www.urpean.com\/index.php?rest_route=\/wp\/v2\/types\/post"}],"author":[{"embeddable":true,"href":"https:\/\/www.urpean.com\/index.php?rest_route=\/wp\/v2\/users\/1"}],"replies":[{"embeddable":true,"href":"https:\/\/www.urpean.com\/index.php?rest_route=%2Fwp%2Fv2%2Fcomments&post=1511"}],"version-history":[{"count":0,"href":"https:\/\/www.urpean.com\/index.php?rest_route=\/wp\/v2\/posts\/1511\/revisions"}],"wp:attachment":[{"href":"https:\/\/www.urpean.com\/index.php?rest_route=%2Fwp%2Fv2%2Fmedia&parent=1511"}],"wp:term":[{"taxonomy":"category","embeddable":true,"href":"https:\/\/www.urpean.com\/index.php?rest_route=%2Fwp%2Fv2%2Fcategories&post=1511"},{"taxonomy":"post_tag","embeddable":true,"href":"https:\/\/www.urpean.com\/index.php?rest_route=%2Fwp%2Fv2%2Ftags&post=1511"}],"curies":[{"name":"wp","href":"https:\/\/api.w.org\/{rel}","templated":true}]}}