{"id":1523,"date":"2010-11-30T18:23:43","date_gmt":"2010-11-30T17:23:43","guid":{"rendered":"http:\/\/www.urpean.com\/?p=1523"},"modified":"2010-11-30T18:23:43","modified_gmt":"2010-11-30T17:23:43","slug":"lettre-du-president","status":"publish","type":"post","link":"https:\/\/www.urpean.com\/?p=1523","title":{"rendered":"Lettre du pr\u00e9sident"},"content":{"rendered":"<p>Bonjour \u00e0 tous,<\/p>\n<p>Le 27 novembre lors de l\u2019assembl\u00e9e g\u00e9n\u00e9rale, nous avons cl\u00f4tur\u00e9 la 47\u00b0 saison d\u2019Urpean.<\/p>\n<p>Nous retiendrons de cette ann\u00e9e quelques \u00e9v\u00e9nements qui ont marqu\u00e9s la vie de notre club\u00a0:<\/p>\n<p>&#8211;\u00a0\u00a0\u00a0\u00a0\u00a0\u00a0\u00a0 La visite de Jean Louis Blanchart, le pr\u00e9sident de la FFESSM.<\/p>\n<p>&#8211;\u00a0\u00a0\u00a0\u00a0\u00a0\u00a0\u00a0 La visite de Bernard Labb\u00e9 pr\u00e9sident du comit\u00e9 interr\u00e9gional.<\/p>\n<p>&#8211;\u00a0\u00a0\u00a0\u00a0\u00a0\u00a0\u00a0 Les accords d\u2019alliance avec l\u2019APSA, club Espagnol\u00a0 de San S\u00e9bastian.<\/p>\n<p>&#8211;\u00a0\u00a0\u00a0\u00a0\u00a0\u00a0\u00a0 La descente de la Bidassoa, qui a battu les records de participation (108 nageurs).<\/p>\n<p>&#8211;\u00a0\u00a0\u00a0\u00a0\u00a0\u00a0\u00a0 La fin du jugement pour le compresseur, apr\u00e8s 8 ann\u00e9es de proc\u00e9dure qui voit Urpean gagner ce proc\u00e8s.<\/p>\n<p>&#8211;\u00a0\u00a0\u00a0\u00a0\u00a0\u00a0\u00a0 Personnellement j\u2019en retiendrai un, qui doit nous faire r\u00e9fl\u00e9chir sur les fondations d\u2019une association et l\u2019implication de ces membres\u00a0: c\u2019est la dissolution de l\u2019association animation d\u2019Orio, suite \u00e0 un manque d\u2019investissement des acteurs du quartier ce qui nous a permis l\u2019octroi d\u2019un don de 2000 euros \u00e0 Urpean.<\/p>\n<p>Je rends hommage et remercie le comit\u00e9 directeur\u00a0: Mesdames Ribeira Anne Marie, Leroux V\u00e9ronique et Izaguirre No\u00eblle.<\/p>\n<p>J\u2019en profite pour remercier pour leur travail au sein du conseil d\u2019administration\u00a0: Cathy Lissardy et Michel Erviti, qui n\u2019ont pas souhait\u00e9 se repr\u00e9senter.<\/p>\n<p>Je souhaite la bienvenue dans le bureau \u00e0 Isabelle Maury et Christian Bengoechea.<\/p>\n<p>Je remercie l\u2019ensemble des soci\u00e9taires pour leur investissement; sans vous Urpean ne serait pas ce qu\u2019il est\u00a0!<\/p>\n<p>Eric.<\/p>\n","protected":false},"excerpt":{"rendered":"<p>Bonjour \u00e0 tous, Le 27 novembre lors de l\u2019assembl\u00e9e g\u00e9n\u00e9rale, nous avons cl\u00f4tur\u00e9 la 47\u00b0 saison d\u2019Urpean. Nous retiendrons de cette ann\u00e9e quelques \u00e9v\u00e9nements qui ont marqu\u00e9s la vie de notre club\u00a0: &#8211;\u00a0\u00a0\u00a0\u00a0\u00a0\u00a0\u00a0 La visite de Jean Louis Blanchart, le pr\u00e9sident de la FFESSM. &#8211;\u00a0\u00a0\u00a0\u00a0\u00a0\u00a0\u00a0 La visite de Bernard Labb\u00e9 pr\u00e9sident du comit\u00e9 interr\u00e9gional. &#8211;\u00a0\u00a0\u00a0\u00a0\u00a0\u00a0\u00a0&#8230;<\/p>\n","protected":false},"author":3,"featured_media":0,"comment_status":"open","ping_status":"open","sticky":false,"template":"","format":"standard","meta":{"_crdt_document":"","ngg_post_thumbnail":0,"footnotes":""},"categories":[5],"tags":[],"class_list":["post-1523","post","type-post","status-publish","format-standard","hentry","category-vie-du-club"],"views":2237,"_links":{"self":[{"href":"https:\/\/www.urpean.com\/index.php?rest_route=\/wp\/v2\/posts\/1523","targetHints":{"allow":["GET"]}}],"collection":[{"href":"https:\/\/www.urpean.com\/index.php?rest_route=\/wp\/v2\/posts"}],"about":[{"href":"https:\/\/www.urpean.com\/index.php?rest_route=\/wp\/v2\/types\/post"}],"author":[{"embeddable":true,"href":"https:\/\/www.urpean.com\/index.php?rest_route=\/wp\/v2\/users\/3"}],"replies":[{"embeddable":true,"href":"https:\/\/www.urpean.com\/index.php?rest_route=%2Fwp%2Fv2%2Fcomments&post=1523"}],"version-history":[{"count":0,"href":"https:\/\/www.urpean.com\/index.php?rest_route=\/wp\/v2\/posts\/1523\/revisions"}],"wp:attachment":[{"href":"https:\/\/www.urpean.com\/index.php?rest_route=%2Fwp%2Fv2%2Fmedia&parent=1523"}],"wp:term":[{"taxonomy":"category","embeddable":true,"href":"https:\/\/www.urpean.com\/index.php?rest_route=%2Fwp%2Fv2%2Fcategories&post=1523"},{"taxonomy":"post_tag","embeddable":true,"href":"https:\/\/www.urpean.com\/index.php?rest_route=%2Fwp%2Fv2%2Ftags&post=1523"}],"curies":[{"name":"wp","href":"https:\/\/api.w.org\/{rel}","templated":true}]}}