{"id":1536,"date":"2010-12-04T08:56:35","date_gmt":"2010-12-04T07:56:35","guid":{"rendered":"http:\/\/www.urpean.com\/?p=1536"},"modified":"2010-12-04T08:56:35","modified_gmt":"2010-12-04T07:56:35","slug":"albert-falco-au-cinema-le-royal-le-vendredi-10-decembre-a-20h","status":"publish","type":"post","link":"https:\/\/www.urpean.com\/?p=1536","title":{"rendered":"Albert Falco au cin\u00e9ma Le Royal le vendredi 10 d\u00e9cembre \u00e0 20h."},"content":{"rendered":"<p>Soir\u00e9e exceptionnelle : Hommage au Commandant Cousteau :<\/p>\n<p>avec deux films <em>Vivre pour la mer<\/em> et <em>Ma terre c\u2019est la mer<\/em>.<br \/>\nEn pr\u00e9sence d\u2019Albert Falco, ancien capitaine de La Calypso et de Marc Muguet, auteur du livre <em>Apr\u00e8s Cousteau, le futur de l&rsquo;oc\u00e9an<\/em>, de Mme Pautrizel, directrice du mus\u00e9e de la mer de Biarritz et de Lamya Essemlali, pr\u00e9sidente de Sea Shepherd France.<br \/>\nD\u00e9bat anim\u00e9 par Daniel Carmantrand, pr\u00e9sident de l\u2019association Planet it\u2019s up to you.<br \/>\nTarif unique 4\u20ac<br \/>\n<a href=\"https:\/\/docs.google.com\/leaf?id=0B30sYbD64o2OMzg2NTgzMTUtYmUxMS00NmQ2LWI2MmMtN2E0ZWZkNzlhOTMy&amp;sort=name&amp;layout=list&amp;num=50\"> Ici<\/a> une affichette de l&rsquo;\u00e9v\u00e9nement.<br \/>\nBien cordialement<br \/>\nJean Ospital<\/p>\n<ul>\n<li>Cin\u00e9ma Le Royal<\/li>\n<li>8 av Foch<\/li>\n<li>64200 Biarritz<\/li>\n<li>00 33 5 59 24 45 62 Fax 00 33 5 47 64 08 76<\/li>\n<li>www.cinema-biarritz.com &lt;<span style=\"text-decoration: underline;\"><a href=\"http:\/\/www.cinema-biarritz.com\">http:\/\/www.cinema-biarritz.com<\/a><\/span>&gt;<\/li>\n<\/ul>\n","protected":false},"excerpt":{"rendered":"<p>Soir\u00e9e exceptionnelle : Hommage au Commandant Cousteau : avec deux films Vivre pour la mer et Ma terre c\u2019est la mer. En pr\u00e9sence d\u2019Albert Falco, ancien capitaine de La Calypso et de Marc Muguet, auteur du livre Apr\u00e8s Cousteau, le futur de l&rsquo;oc\u00e9an, de Mme Pautrizel, directrice du mus\u00e9e de la mer de Biarritz et&#8230;<\/p>\n","protected":false},"author":3,"featured_media":0,"comment_status":"open","ping_status":"open","sticky":false,"template":"","format":"standard","meta":{"_crdt_document":"","ngg_post_thumbnail":0,"footnotes":""},"categories":[6,8],"tags":[],"class_list":["post-1536","post","type-post","status-publish","format-standard","hentry","category-agenda","category-recit-plongee"],"views":2149,"_links":{"self":[{"href":"https:\/\/www.urpean.com\/index.php?rest_route=\/wp\/v2\/posts\/1536","targetHints":{"allow":["GET"]}}],"collection":[{"href":"https:\/\/www.urpean.com\/index.php?rest_route=\/wp\/v2\/posts"}],"about":[{"href":"https:\/\/www.urpean.com\/index.php?rest_route=\/wp\/v2\/types\/post"}],"author":[{"embeddable":true,"href":"https:\/\/www.urpean.com\/index.php?rest_route=\/wp\/v2\/users\/3"}],"replies":[{"embeddable":true,"href":"https:\/\/www.urpean.com\/index.php?rest_route=%2Fwp%2Fv2%2Fcomments&post=1536"}],"version-history":[{"count":0,"href":"https:\/\/www.urpean.com\/index.php?rest_route=\/wp\/v2\/posts\/1536\/revisions"}],"wp:attachment":[{"href":"https:\/\/www.urpean.com\/index.php?rest_route=%2Fwp%2Fv2%2Fmedia&parent=1536"}],"wp:term":[{"taxonomy":"category","embeddable":true,"href":"https:\/\/www.urpean.com\/index.php?rest_route=%2Fwp%2Fv2%2Fcategories&post=1536"},{"taxonomy":"post_tag","embeddable":true,"href":"https:\/\/www.urpean.com\/index.php?rest_route=%2Fwp%2Fv2%2Ftags&post=1536"}],"curies":[{"name":"wp","href":"https:\/\/api.w.org\/{rel}","templated":true}]}}