{"id":1557,"date":"2010-12-10T08:43:24","date_gmt":"2010-12-10T07:43:24","guid":{"rendered":"http:\/\/www.urpean.com\/?p=1557"},"modified":"2010-12-10T08:43:24","modified_gmt":"2010-12-10T07:43:24","slug":"aperitif-repas-le-dimanche-26-decembre","status":"publish","type":"post","link":"https:\/\/www.urpean.com\/?p=1557","title":{"rendered":"Ap\u00e9ritif \u2013 Repas le dimanche 26 d\u00e9cembre"},"content":{"rendered":"<p>Pour respecter la tradition nous nous retrouverons le dimanche 26 d\u00e9cembre \u00e0 midi au Club pour le l\u00e9gendaire ap\u00e9ritif-repas de fin d\u2019ann\u00e9e.<\/p>\n<p>Cette r\u00e9union bas\u00e9e exclusivement sur le partage, avait \u00e9t\u00e9 mis en place en son temps par Antxon qui sera encore pr\u00e9sent cette ann\u00e9e pour le coup d\u2019envoi 2011, accompagn\u00e9 de notre Pr\u00e9sident qui contrairement \u00e0 l\u2019an pass\u00e9 nous pr\u00e9sentera ses v\u0153ux en b\u00e9arnais moderne.<\/p>\n<p>Chaque soci\u00e9taire ou futur soci\u00e9taire est donc convi\u00e9 \u00e0 se pr\u00e9senter muni de sa meilleure bouteille et de sa sp\u00e9cialit\u00e9 culinaire (genre tapas) qu\u2019il souhaite partager avec les autres.<\/p>\n<p>Cette ann\u00e9e encore Antxon et Xabi prendront en charge une grande partie de ce lunch, il est donc demand\u00e9 \u00e0 chacun de s\u2019orienter sur des \u00ab\u00a0produits\u00a0\u00bb compl\u00e9mentaires, \u00e0 savoir\u00a0: vin rouge,\u00a0 ros\u00e9 ou blanc, champagne, salades diverses pour les amoureux de la nature, hu\u00eetres ou gambas pour les amoureux de la mer.<\/p>\n<p>Toutes ces pr\u00e9cisions \u00e0 titre indicatif bien s\u00fbr, chacun \u00e9tant libre de laisser \u00e9clater son amour pour son voisin et remplacer tout cela par\u00a0: foie gras, langouste, homard, truffes, caviar, etc\u2026etc\u2026 soyez inventifs\u00a0!<\/p>\n<p>Et tout cela toujours dans la bonne humeur\u00a0!!!!!<\/p>\n<p>Le pr\u00e9sident du Txoko<\/p>\n","protected":false},"excerpt":{"rendered":"<p>Pour respecter la tradition nous nous retrouverons le dimanche 26 d\u00e9cembre \u00e0 midi au Club pour le l\u00e9gendaire ap\u00e9ritif-repas de fin d\u2019ann\u00e9e. Cette r\u00e9union bas\u00e9e exclusivement sur le partage, avait \u00e9t\u00e9 mis en place en son temps par Antxon qui sera encore pr\u00e9sent cette ann\u00e9e pour le coup d\u2019envoi 2011, accompagn\u00e9 de notre Pr\u00e9sident qui&#8230;<\/p>\n","protected":false},"author":3,"featured_media":0,"comment_status":"open","ping_status":"open","sticky":false,"template":"","format":"standard","meta":{"_crdt_document":"","ngg_post_thumbnail":0,"footnotes":""},"categories":[6,5],"tags":[],"class_list":["post-1557","post","type-post","status-publish","format-standard","hentry","category-agenda","category-vie-du-club"],"views":2364,"_links":{"self":[{"href":"https:\/\/www.urpean.com\/index.php?rest_route=\/wp\/v2\/posts\/1557","targetHints":{"allow":["GET"]}}],"collection":[{"href":"https:\/\/www.urpean.com\/index.php?rest_route=\/wp\/v2\/posts"}],"about":[{"href":"https:\/\/www.urpean.com\/index.php?rest_route=\/wp\/v2\/types\/post"}],"author":[{"embeddable":true,"href":"https:\/\/www.urpean.com\/index.php?rest_route=\/wp\/v2\/users\/3"}],"replies":[{"embeddable":true,"href":"https:\/\/www.urpean.com\/index.php?rest_route=%2Fwp%2Fv2%2Fcomments&post=1557"}],"version-history":[{"count":0,"href":"https:\/\/www.urpean.com\/index.php?rest_route=\/wp\/v2\/posts\/1557\/revisions"}],"wp:attachment":[{"href":"https:\/\/www.urpean.com\/index.php?rest_route=%2Fwp%2Fv2%2Fmedia&parent=1557"}],"wp:term":[{"taxonomy":"category","embeddable":true,"href":"https:\/\/www.urpean.com\/index.php?rest_route=%2Fwp%2Fv2%2Fcategories&post=1557"},{"taxonomy":"post_tag","embeddable":true,"href":"https:\/\/www.urpean.com\/index.php?rest_route=%2Fwp%2Fv2%2Ftags&post=1557"}],"curies":[{"name":"wp","href":"https:\/\/api.w.org\/{rel}","templated":true}]}}