{"id":158,"date":"2008-08-15T14:21:39","date_gmt":"2008-08-15T13:21:39","guid":{"rendered":"http:\/\/www.urpean.com\/?p=158"},"modified":"2008-08-15T14:21:39","modified_gmt":"2008-08-15T13:21:39","slug":"sortie-a-la-journee-du-dimanche-10-aout-2008","status":"publish","type":"post","link":"https:\/\/www.urpean.com\/?p=158","title":{"rendered":"Sortie \u00e0 la journ\u00e9e du Dimanche 10 Ao\u00fbt 2008"},"content":{"rendered":"<p><a class=\"thickbox\" href=\"http:\/\/www.urpean.com\/wp-content\/gallery\/2008-08-10_ficoa\/2008-08-10_FICOA_128.jpg\"><img decoding=\"async\" class=\"alignleft ngg-singlepic ngg-none\" style=\"float: left; margin-left: 5px; margin-right: 5px; border: 1px solid black;\" src=\"http:\/\/www.urpean.com\/wp-content\/gallery\/2008-08-10_ficoa\/thumbs\/thumbs_2008-08-10_FICOA_128.jpg\" alt=\"2008-08-10_FICOA_128.jpg\" \/><\/a>Quelle sublime journ\u00e9e (je ne dirai pas cela \u00e0 l&rsquo;heure \u00e0 laquelle je vous \u00e9cris &#8230;). La petite 15aines de personnes qui se sont inscris pour cette journ\u00e9e ne l&rsquo;ont pas regrett\u00e9. Grand soleil, eau \u00e0 23\u00b0C en surface et visibilit\u00e9 sous-marine somptueuse.<\/p>\n<p>la plong\u00e9e du matin s&rsquo;est faite sur <strong>Aroka<\/strong> (les failles et non la grande grotte) alors que celle de l&rsquo;apr\u00e8s midi nous a fait d\u00e9couvrir les fonds de <strong>Ficoa<\/strong>.<\/p>\n<p>Cette m\u00e9duse porte le doux nom de <a href=\"http:\/\/fr.wikipedia.org\/wiki\/Rhizostoma_pulmo\" target=\"_blank\">Rhizostoma pulmo<\/a><\/p>\n<p><a href=\"http:\/\/www.urpean.com\/?page_id=11&amp;album=6&amp;gallery=71\" target=\"_self\"><strong>Toutes les photos d&rsquo;Aroka (Annie mod\u00e8le !)<\/strong><\/a><\/p>\n<p><a href=\"http:\/\/www.urpean.com\/?page_id=11&amp;album=6&amp;gallery=70\" target=\"_self\"><strong>Toutes les photos Ficoa<\/strong><\/a><\/p>\n","protected":false},"excerpt":{"rendered":"<p>Quelle sublime journ\u00e9e (je ne dirai pas cela \u00e0 l&rsquo;heure \u00e0 laquelle je vous \u00e9cris &#8230;). La petite 15aines de personnes qui se sont inscris pour cette journ\u00e9e ne l&rsquo;ont pas regrett\u00e9. Grand soleil, eau \u00e0 23\u00b0C en surface et visibilit\u00e9 sous-marine somptueuse. la plong\u00e9e du matin s&rsquo;est faite sur Aroka (les failles et non&#8230;<\/p>\n","protected":false},"author":1,"featured_media":0,"comment_status":"open","ping_status":"open","sticky":false,"template":"","format":"standard","meta":{"_crdt_document":"","ngg_post_thumbnail":0,"footnotes":""},"categories":[8],"tags":[],"class_list":["post-158","post","type-post","status-publish","format-standard","hentry","category-recit-plongee"],"views":2414,"_links":{"self":[{"href":"https:\/\/www.urpean.com\/index.php?rest_route=\/wp\/v2\/posts\/158","targetHints":{"allow":["GET"]}}],"collection":[{"href":"https:\/\/www.urpean.com\/index.php?rest_route=\/wp\/v2\/posts"}],"about":[{"href":"https:\/\/www.urpean.com\/index.php?rest_route=\/wp\/v2\/types\/post"}],"author":[{"embeddable":true,"href":"https:\/\/www.urpean.com\/index.php?rest_route=\/wp\/v2\/users\/1"}],"replies":[{"embeddable":true,"href":"https:\/\/www.urpean.com\/index.php?rest_route=%2Fwp%2Fv2%2Fcomments&post=158"}],"version-history":[{"count":0,"href":"https:\/\/www.urpean.com\/index.php?rest_route=\/wp\/v2\/posts\/158\/revisions"}],"wp:attachment":[{"href":"https:\/\/www.urpean.com\/index.php?rest_route=%2Fwp%2Fv2%2Fmedia&parent=158"}],"wp:term":[{"taxonomy":"category","embeddable":true,"href":"https:\/\/www.urpean.com\/index.php?rest_route=%2Fwp%2Fv2%2Fcategories&post=158"},{"taxonomy":"post_tag","embeddable":true,"href":"https:\/\/www.urpean.com\/index.php?rest_route=%2Fwp%2Fv2%2Ftags&post=158"}],"curies":[{"name":"wp","href":"https:\/\/api.w.org\/{rel}","templated":true}]}}