{"id":1869,"date":"2011-05-11T19:15:18","date_gmt":"2011-05-11T18:15:18","guid":{"rendered":"http:\/\/www.urpean.com\/?p=1869"},"modified":"2011-05-11T19:15:18","modified_gmt":"2011-05-11T18:15:18","slug":"besoin-daide-le-25-juin-pour-le-1er-trophee-urpean","status":"publish","type":"post","link":"https:\/\/www.urpean.com\/?p=1869","title":{"rendered":"Besoin d&#039;aide le 25 Juin pour le 1er Troph\u00e9e URPEAN"},"content":{"rendered":"<p>Bonsoir \u00e0 tous,<\/p>\n<p>Comme vous le savez sans doute, le Club organise les <strong>25 et 26 Juin<\/strong> prochain, \u00a0le <strong>1er Troph\u00e9e photo URPEAN<\/strong>.<\/p>\n<p>Les inscriptions avaient \u00e9t\u00e9 fix\u00e9es \u00e0 12 \u00e9quipes (un photographe + un mod\u00e8le accompagnant). Il n&rsquo;aura fallut que quelques jours pour que les inscriptions soient closes. Nous accueillerons ainsi des photographes de tout horizon, de la Bretagne aux landes en passant par Bordeaux.<\/p>\n<p>Le Dimanche matin 26 Juin aura lieu la d\u00e9lib\u00e9ration du Jury qui se cloturera par la remise des prix (le midi) ainsi qu&rsquo;une projection des images en public. Vous \u00eates \u00e9videmment tous convi\u00e9s le Dimanche midi pour assister \u00e0 cette projection qui vous surprendra certainement. Le pr\u00e9sident du Jury n&rsquo;est ni plus ni moins que le Pr\u00e9sident de la Comission Nationale Audiovisuelle de la FFESSM., Jean-Lou FERRETTI. La comp\u00e9tition \u00e0 proprement parl\u00e9 aura lieu le Samedi 25 Juin sur 2 plong\u00e9es (une le matin et l&rsquo;autre l&rsquo;apr\u00e8s midi), raison pour laquelle le Club n&rsquo;organisera pas de sortie pour les soci\u00e9taires.<\/p>\n<p><strong>Pour mener \u00e0 bien cette journ\u00e9e du Samedi 25 Juin, nous aurons besoin de quelques volontaires<\/strong>. Jacky, Benat, No\u00eblle, JB &amp; Katia sont d\u00e9j\u00e0 volontaire. Il me manque :<\/p>\n<p>&#8211; 3 plongeurs soci\u00e9taire du Club (N2 mini). En effet 4 photographes comp\u00e9titeurs ne viendront pas sur Hendaye accompagn\u00e9 de mod\u00e8les. Rassurez-vous, il n&rsquo;est pas n\u00e9cessaire d&rsquo;\u00eatre Top model pour \u00eatre \u00ab\u00a0mod\u00e8le\u00a0\u00bb (Jacky s&rsquo;en \u00e9tait tr\u00e8s bien tir\u00e9 \u00e0 San Sebastian l&rsquo;an pass\u00e9). Homme ou Femme peu importe, votre mission sera d&rsquo;accompagner le photographe pendant sa plong\u00e9e. Id\u00e9alement vous pourrez \u00eatre disponible pour les 2 plong\u00e9es de la journ\u00e9e. M\u00eame pour la demi-journ\u00e9e, cela m&rsquo;interesse. No\u00eblle est d\u00e9j\u00e0 partante. Contactez-moi.<\/p>\n<p>&#8211; Une personne pour le gonflage des blocs le midi (entre 12 et 14h)<\/p>\n<p>&#8211; Une personne pour surveiller le bateau entre 12 et 14h (les photographes laisseront leur mat\u00e9riel de plong\u00e9e \u00e0 bord, pas le matos photo &#8230;)<\/p>\n<p>&#8211; Au moins 3 autres personnes pour de l&rsquo;intendance toute la journ\u00e9e.<\/p>\n<p>On compte sur vous !<\/p>\n<p>A tr\u00e8s vite.<\/p>\n<p>Vous pouvez me joindre \u00e0 l&rsquo;adresse suivante : olivier.delorieux@gmail.com ou au 06.25.71.59.25<\/p>\n","protected":false},"excerpt":{"rendered":"<p>Bonsoir \u00e0 tous, Comme vous le savez sans doute, le Club organise les 25 et 26 Juin prochain, \u00a0le 1er Troph\u00e9e photo URPEAN. Les inscriptions avaient \u00e9t\u00e9 fix\u00e9es \u00e0 12 \u00e9quipes (un photographe + un mod\u00e8le accompagnant). Il n&rsquo;aura fallut que quelques jours pour que les inscriptions soient closes. Nous accueillerons ainsi des photographes de&#8230;<\/p>\n","protected":false},"author":1,"featured_media":0,"comment_status":"open","ping_status":"open","sticky":false,"template":"","format":"standard","meta":{"_crdt_document":"","ngg_post_thumbnail":0,"footnotes":""},"categories":[7,5],"tags":[],"class_list":["post-1869","post","type-post","status-publish","format-standard","hentry","category-photo-ss-marine","category-vie-du-club"],"views":2398,"_links":{"self":[{"href":"https:\/\/www.urpean.com\/index.php?rest_route=\/wp\/v2\/posts\/1869","targetHints":{"allow":["GET"]}}],"collection":[{"href":"https:\/\/www.urpean.com\/index.php?rest_route=\/wp\/v2\/posts"}],"about":[{"href":"https:\/\/www.urpean.com\/index.php?rest_route=\/wp\/v2\/types\/post"}],"author":[{"embeddable":true,"href":"https:\/\/www.urpean.com\/index.php?rest_route=\/wp\/v2\/users\/1"}],"replies":[{"embeddable":true,"href":"https:\/\/www.urpean.com\/index.php?rest_route=%2Fwp%2Fv2%2Fcomments&post=1869"}],"version-history":[{"count":0,"href":"https:\/\/www.urpean.com\/index.php?rest_route=\/wp\/v2\/posts\/1869\/revisions"}],"wp:attachment":[{"href":"https:\/\/www.urpean.com\/index.php?rest_route=%2Fwp%2Fv2%2Fmedia&parent=1869"}],"wp:term":[{"taxonomy":"category","embeddable":true,"href":"https:\/\/www.urpean.com\/index.php?rest_route=%2Fwp%2Fv2%2Fcategories&post=1869"},{"taxonomy":"post_tag","embeddable":true,"href":"https:\/\/www.urpean.com\/index.php?rest_route=%2Fwp%2Fv2%2Ftags&post=1869"}],"curies":[{"name":"wp","href":"https:\/\/api.w.org\/{rel}","templated":true}]}}