{"id":1875,"date":"2011-05-19T14:16:01","date_gmt":"2011-05-19T13:16:01","guid":{"rendered":"http:\/\/www.urpean.com\/?p=1875"},"modified":"2011-05-19T14:16:01","modified_gmt":"2011-05-19T13:16:01","slug":"dimanche-8-mai-descente-internationale-de-la-bidassoa","status":"publish","type":"post","link":"https:\/\/www.urpean.com\/?p=1875","title":{"rendered":"Dimanche 8 mai : Descente Internationale de la Bidassoa"},"content":{"rendered":"<p style=\"text-align: center;\"><a href=\"http:\/\/www.urpean.com\/wp-content\/uploads\/2011\/05\/BIDASSOA-21.jpg\"><img loading=\"lazy\" decoding=\"async\" class=\"aligncenter size-medium wp-image-1878\" title=\"BIDASSOA 2\" src=\"http:\/\/www.urpean.com\/wp-content\/uploads\/2011\/05\/BIDASSOA-21-300x232.jpg\" alt=\"\" width=\"300\" height=\"232\" \/><\/a><\/p>\n<p>Le dimanche 8 mai a eu lieu la 42<sup>\u00e8me<\/sup> \u00e9dition de la Descente de la Bidassoa.<\/p>\n<p>Le record de participants a \u00e9t\u00e9 battu une fois de plus avec 118 participants sur les deux distances 14 et 7 kms.<\/p>\n<p>Pourtant un changement de date intervenu dans les derni\u00e8res semaines pour cause d\u2019\u00e9lections municipales cot\u00e9 Espagnol avait emp\u00each\u00e9 de nombreux nageurs de faire le d\u00e9placement.<\/p>\n<p>Comme d\u2019habitude un soleil radieux a accompagn\u00e9 cette \u00e9preuve faisant oublier aux nageurs la fra\u00eecheur de l\u2019eau.<\/p>\n<p>Ce manque de pluie depuis plusieurs jours a eu sa contrepartie puisque la Bidassoa dans sa partie haute manquait l\u00e9g\u00e8rement d\u2019\u00e9l\u00e9ment liquide.<\/p>\n<p>Cela n\u2019a pas emp\u00each\u00e9 les nageurs d\u2019arriver \u00e0 bon port et surtout d\u2019alimenter en plaisanteries la r\u00e9ception de fin d\u2019\u00e9preuve.<\/p>\n<p>Les organisateurs tiennent \u00e0 remercier tous les participants \u00e0 cette \u00e9preuve ainsi que tous les services et les b\u00e9n\u00e9voles qui ont contribu\u00e9 au bon d\u00e9roulement de cette 42<sup>\u00e8me<\/sup> \u00e9dition.<\/p>\n<p>Vous trouverez <a href=\"https:\/\/docs.google.com\/viewer?a=v&amp;pid=explorer&amp;chrome=true&amp;srcid=0B4hV-v9EPYaNMWQ4ZGVlZjQtYTVjOC00NjQ3LWJkYWYtMDVjYjAyZGI5YWFh&amp;hl=fr&amp;authkey=CL2c7_IF\"><strong>ici<\/strong><\/a> le classement par cat\u00e9gories des comp\u00e9titeurs.<\/p>\n<p>Pour visualiser toutes les photos il vous suffira de les t\u00e9l\u00e9charger <strong><a href=\"https:\/\/picasaweb.google.com\/110350122435439848278\/Bidassoa2011?authkey=Gv1sRgCISvwL29i7nZcw\">ici<\/a><\/strong><a href=\"https:\/\/picasaweb.google.com\/110350122435439848278\/Bidassoa2011?authkey=Gv1sRgCISvwL29i7nZcw\">.<\/a><\/p>\n<p>Merci aux participants que nous attendons encore plus nombreux l\u2019ann\u00e9e prochaine.<\/p>\n<p>URPEAN<\/p>\n<p>&nbsp;<\/p>\n","protected":false},"excerpt":{"rendered":"<p>Le dimanche 8 mai a eu lieu la 42\u00e8me \u00e9dition de la Descente de la Bidassoa. Le record de participants a \u00e9t\u00e9 battu une fois de plus avec 118 participants sur les deux distances 14 et 7 kms. Pourtant un changement de date intervenu dans les derni\u00e8res semaines pour cause d\u2019\u00e9lections municipales cot\u00e9 Espagnol avait&#8230;<\/p>\n","protected":false},"author":3,"featured_media":0,"comment_status":"open","ping_status":"open","sticky":false,"template":"","format":"standard","meta":{"_crdt_document":"","ngg_post_thumbnail":0,"footnotes":""},"categories":[5],"tags":[],"class_list":["post-1875","post","type-post","status-publish","format-standard","hentry","category-vie-du-club"],"views":2478,"_links":{"self":[{"href":"https:\/\/www.urpean.com\/index.php?rest_route=\/wp\/v2\/posts\/1875","targetHints":{"allow":["GET"]}}],"collection":[{"href":"https:\/\/www.urpean.com\/index.php?rest_route=\/wp\/v2\/posts"}],"about":[{"href":"https:\/\/www.urpean.com\/index.php?rest_route=\/wp\/v2\/types\/post"}],"author":[{"embeddable":true,"href":"https:\/\/www.urpean.com\/index.php?rest_route=\/wp\/v2\/users\/3"}],"replies":[{"embeddable":true,"href":"https:\/\/www.urpean.com\/index.php?rest_route=%2Fwp%2Fv2%2Fcomments&post=1875"}],"version-history":[{"count":0,"href":"https:\/\/www.urpean.com\/index.php?rest_route=\/wp\/v2\/posts\/1875\/revisions"}],"wp:attachment":[{"href":"https:\/\/www.urpean.com\/index.php?rest_route=%2Fwp%2Fv2%2Fmedia&parent=1875"}],"wp:term":[{"taxonomy":"category","embeddable":true,"href":"https:\/\/www.urpean.com\/index.php?rest_route=%2Fwp%2Fv2%2Fcategories&post=1875"},{"taxonomy":"post_tag","embeddable":true,"href":"https:\/\/www.urpean.com\/index.php?rest_route=%2Fwp%2Fv2%2Ftags&post=1875"}],"curies":[{"name":"wp","href":"https:\/\/api.w.org\/{rel}","templated":true}]}}