{"id":2223,"date":"2011-12-22T20:43:13","date_gmt":"2011-12-22T19:43:13","guid":{"rendered":"http:\/\/www.urpean.com\/?p=2223"},"modified":"2011-12-22T20:43:13","modified_gmt":"2011-12-22T19:43:13","slug":"retrospective-2011","status":"publish","type":"post","link":"https:\/\/www.urpean.com\/?p=2223","title":{"rendered":"R\u00e9trospective 2011"},"content":{"rendered":"<p>Bonsoir \u00e0 tous,<\/p>\n<p>La derni\u00e8re plong\u00e9e au Club s&rsquo;est d\u00e9roul\u00e9e maintenant il y a quelques semaines. Je vous propose de revisiter en image quelques photos prises cette ann\u00e9e 2011 entre St Jean de Luz (vous reconnaitrez entre autres photos, l&rsquo;\u00e9pave du SS Sunniva) et San Sebastian.<\/p>\n<p>C&rsquo;est ici :\u00a0<strong><a title=\"R\u00e9trospective Photos 2011\" href=\"http:\/\/www.olivierdelorieux.fr\/temp\/2011\" target=\"_blank\">http:\/\/www.olivierdelorieux.fr\/temp\/2011<\/a><\/strong><\/p>\n<p><img loading=\"lazy\" decoding=\"async\" class=\"size-medium wp-image-2225 aligncenter\" style=\"margin-left: 10px; margin-right: 10px; margin-top: 0px; margin-bottom: 0px; border: 1px solid black;\" title=\"2011-10-15_LA-PLAGE_167\" src=\"http:\/\/www.urpean.com\/wp-content\/uploads\/2011\/12\/2011-10-15_LA-PLAGE_167-300x200.jpg\" alt=\"\" width=\"300\" height=\"200\" \/><\/p>\n<p>Excellentes f\u00eates de fin d&rsquo;ann\u00e9e,<\/p>\n","protected":false},"excerpt":{"rendered":"<p>Bonsoir \u00e0 tous, La derni\u00e8re plong\u00e9e au Club s&rsquo;est d\u00e9roul\u00e9e maintenant il y a quelques semaines. Je vous propose de revisiter en image quelques photos prises cette ann\u00e9e 2011 entre St Jean de Luz (vous reconnaitrez entre autres photos, l&rsquo;\u00e9pave du SS Sunniva) et San Sebastian. C&rsquo;est ici :\u00a0http:\/\/www.olivierdelorieux.fr\/temp\/2011 Excellentes f\u00eates de fin d&rsquo;ann\u00e9e,<\/p>\n","protected":false},"author":1,"featured_media":0,"comment_status":"open","ping_status":"open","sticky":false,"template":"","format":"standard","meta":{"_crdt_document":"","ngg_post_thumbnail":0,"footnotes":""},"categories":[7,5],"tags":[],"class_list":["post-2223","post","type-post","status-publish","format-standard","hentry","category-photo-ss-marine","category-vie-du-club"],"views":2740,"_links":{"self":[{"href":"https:\/\/www.urpean.com\/index.php?rest_route=\/wp\/v2\/posts\/2223","targetHints":{"allow":["GET"]}}],"collection":[{"href":"https:\/\/www.urpean.com\/index.php?rest_route=\/wp\/v2\/posts"}],"about":[{"href":"https:\/\/www.urpean.com\/index.php?rest_route=\/wp\/v2\/types\/post"}],"author":[{"embeddable":true,"href":"https:\/\/www.urpean.com\/index.php?rest_route=\/wp\/v2\/users\/1"}],"replies":[{"embeddable":true,"href":"https:\/\/www.urpean.com\/index.php?rest_route=%2Fwp%2Fv2%2Fcomments&post=2223"}],"version-history":[{"count":0,"href":"https:\/\/www.urpean.com\/index.php?rest_route=\/wp\/v2\/posts\/2223\/revisions"}],"wp:attachment":[{"href":"https:\/\/www.urpean.com\/index.php?rest_route=%2Fwp%2Fv2%2Fmedia&parent=2223"}],"wp:term":[{"taxonomy":"category","embeddable":true,"href":"https:\/\/www.urpean.com\/index.php?rest_route=%2Fwp%2Fv2%2Fcategories&post=2223"},{"taxonomy":"post_tag","embeddable":true,"href":"https:\/\/www.urpean.com\/index.php?rest_route=%2Fwp%2Fv2%2Ftags&post=2223"}],"curies":[{"name":"wp","href":"https:\/\/api.w.org\/{rel}","templated":true}]}}