{"id":23,"date":"2007-11-25T19:33:49","date_gmt":"2007-11-25T18:33:49","guid":{"rendered":"http:\/\/www.urpean.com\/?p=23"},"modified":"2007-11-25T19:33:49","modified_gmt":"2007-11-25T18:33:49","slug":"assemblee-generale-durpean","status":"publish","type":"post","link":"https:\/\/www.urpean.com\/?p=23","title":{"rendered":"Assembl\u00e9e g\u00e9n\u00e9rale d&#039;URPEAN"},"content":{"rendered":"<p>ngg_shortcode_0_placeholderL&rsquo;AG du Club Urpean s&rsquo;est d\u00e9roul\u00e9e hier soir, Samedi 24 Novembre 2007 au Txoko.<\/p>\n<p>Le bureau a \u00e9t\u00e9 r\u00e9\u00e9lu avec 2 arriv\u00e9es. A not\u00e9 \u00e9galement le d\u00e9part d&rsquo;Annick qui occupait le poste de vice-pr\u00e9sidente.<\/p>\n<p>Petite s\u00e9quence \u00e9motion lors de cette r\u00e9union lorsque Annick et Eric Saint-Martin ont rendu hommage \u00e0 <strong>Marc Moura<\/strong> et <strong>Papou<\/strong>, 2 piliers du Club au sein de anciens.<\/p>\n<p>L&rsquo;assembl\u00e9e a donn\u00e9 suite \u00e0 un ap\u00e9ritif lui m\u00eame suivi d&rsquo;un excellent repas. Encore merci \u00e0 tous les soci\u00e9taires pr\u00e9sents. Les autres on rat\u00e9 l&rsquo;excellent veau cuisin\u00e9 par Ramon et Jacky ainsi que le d\u00e9licieux crumble de Pantxi et Jean-Yves.<\/p>\n<p><a href=\"http:\/\/www.urpean.com\/?page_id=11&amp;album=3&amp;gallery=25\" title=\"Galerie Photo AG\">Toutes les images ici. <\/a><\/p>\n<p>A tr\u00e8s vite.<\/p>\n","protected":false},"excerpt":{"rendered":"<p>L&rsquo;AG du Club Urpean s&rsquo;est d\u00e9roul\u00e9e hier soir, Samedi 24 Novembre 2007 au Txoko. Le bureau a \u00e9t\u00e9 r\u00e9\u00e9lu avec 2 arriv\u00e9es. A not\u00e9 \u00e9galement le d\u00e9part d&rsquo;Annick qui occupait le poste de vice-pr\u00e9sidente. Petite s\u00e9quence \u00e9motion lors de cette r\u00e9union lorsque Annick et Eric Saint-Martin ont rendu hommage \u00e0 Marc Moura et Papou, 2&#8230;<\/p>\n","protected":false},"author":1,"featured_media":0,"comment_status":"open","ping_status":"open","sticky":false,"template":"","format":"standard","meta":{"_crdt_document":"","ngg_post_thumbnail":0,"footnotes":""},"categories":[5],"tags":[92,24,25,13,26],"class_list":["post-23","post","type-post","status-publish","format-standard","hentry","category-vie-du-club","tag-ag","tag-annick","tag-marc","tag-papou","tag-ramon"],"views":2331,"_links":{"self":[{"href":"https:\/\/www.urpean.com\/index.php?rest_route=\/wp\/v2\/posts\/23","targetHints":{"allow":["GET"]}}],"collection":[{"href":"https:\/\/www.urpean.com\/index.php?rest_route=\/wp\/v2\/posts"}],"about":[{"href":"https:\/\/www.urpean.com\/index.php?rest_route=\/wp\/v2\/types\/post"}],"author":[{"embeddable":true,"href":"https:\/\/www.urpean.com\/index.php?rest_route=\/wp\/v2\/users\/1"}],"replies":[{"embeddable":true,"href":"https:\/\/www.urpean.com\/index.php?rest_route=%2Fwp%2Fv2%2Fcomments&post=23"}],"version-history":[{"count":0,"href":"https:\/\/www.urpean.com\/index.php?rest_route=\/wp\/v2\/posts\/23\/revisions"}],"wp:attachment":[{"href":"https:\/\/www.urpean.com\/index.php?rest_route=%2Fwp%2Fv2%2Fmedia&parent=23"}],"wp:term":[{"taxonomy":"category","embeddable":true,"href":"https:\/\/www.urpean.com\/index.php?rest_route=%2Fwp%2Fv2%2Fcategories&post=23"},{"taxonomy":"post_tag","embeddable":true,"href":"https:\/\/www.urpean.com\/index.php?rest_route=%2Fwp%2Fv2%2Ftags&post=23"}],"curies":[{"name":"wp","href":"https:\/\/api.w.org\/{rel}","templated":true}]}}