{"id":2301,"date":"2012-02-09T09:53:26","date_gmt":"2012-02-09T08:53:26","guid":{"rendered":"http:\/\/www.urpean.com\/?p=2301"},"modified":"2012-02-09T09:53:26","modified_gmt":"2012-02-09T08:53:26","slug":"2301","status":"publish","type":"post","link":"https:\/\/www.urpean.com\/?p=2301","title":{"rendered":"Troph\u00e9e photo URPEAN 16 &amp; 17 Juin 2012"},"content":{"rendered":"<p>Bonjour \u00e0 tous,<\/p>\n<div>Comme l&rsquo;an pass\u00e9, nous allons accueillir \u00e0 Urpean les\u00a0<strong>16 et 17 Juin<\/strong> prochain\u00a0<strong>12 \u00e9quipes de photographe<\/strong> sous-marin pour la\u00a0<strong>2\u00e8me \u00e9dition du Troph\u00e9e Photo.<\/strong><\/div>\n<div>Le succ\u00e8s d&rsquo;une telle manifestation revient aux personnes qui nous ont donn\u00e9 un formidable coup de main. J&rsquo;en entends encore parler plusieurs mois apr\u00e8s lorsque je rencontre certains photographes qui y ont particip\u00e9. Je peux vous assurer que l&rsquo;\u00e9v\u00e8nement est remont\u00e9 aux oreilles des plus hautes instances f\u00e9d\u00e9rales &#8230;<\/div>\n<div>Afin que cette 2\u00e8me \u00e9dition soit au niveau de la premi\u00e8re,\u00a0<strong>j&rsquo;ai besoin de volontaires pour la journ\u00e9e du Samedi 16 Juin<\/strong>. Je n&rsquo;ai pas encore attribu\u00e9 les postes mais sachez, comme l&rsquo;an pass\u00e9, que chacun aura un programme bien pr\u00e9cis !<\/div>\n<div>J&rsquo;aurai besoin de personnes pour plein de choses diff\u00e9rentes, pour le gonflage, le repas du midi (rangement \/ nettoyage), le repas du soir (rangement \/ nettoyage, les Chefs Jacky &amp; Mikel composeront eux-m\u00eame leur brigade), personnes pour assurer les transferts de chariots, &#8230;enfin bref, plein de personnes diff\u00e9rentes &#8230;<\/div>\n<div>Que celles &amp; ceux qui ont 1 journ\u00e9e ou m\u00eame 1\/2 journ\u00e9e \u00e0 nous accorder me pr\u00e9viennent d\u00e8s maintenant. Je leur attribuerai un poste plus tard.<\/div>\n<div>Et voici l&rsquo;affiche que j&rsquo;ai communiqu\u00e9 pour les comp\u00e9titeurs photographes.<\/div>\n<div><a href=\"http:\/\/www.urpean.com\/wp-content\/uploads\/2012\/02\/2012-AFFICHE-500.jpg\"><img loading=\"lazy\" decoding=\"async\" class=\"aligncenter size-medium wp-image-2302\" title=\"Mola mola\" src=\"http:\/\/www.urpean.com\/wp-content\/uploads\/2012\/02\/2012-AFFICHE-500-212x300.jpg\" alt=\"\" width=\"212\" height=\"300\" \/><\/a><\/div>\n<div>A tr\u00e8s vite,<\/div>\n<div>Katia &amp; Olivier Delorieux<\/div>\n","protected":false},"excerpt":{"rendered":"<p>Bonjour \u00e0 tous, Comme l&rsquo;an pass\u00e9, nous allons accueillir \u00e0 Urpean les\u00a016 et 17 Juin prochain\u00a012 \u00e9quipes de photographe sous-marin pour la\u00a02\u00e8me \u00e9dition du Troph\u00e9e Photo. Le succ\u00e8s d&rsquo;une telle manifestation revient aux personnes qui nous ont donn\u00e9 un formidable coup de main. J&rsquo;en entends encore parler plusieurs mois apr\u00e8s lorsque je rencontre certains photographes&#8230;<\/p>\n","protected":false},"author":1,"featured_media":0,"comment_status":"open","ping_status":"open","sticky":false,"template":"","format":"standard","meta":{"_crdt_document":"","ngg_post_thumbnail":0,"footnotes":""},"categories":[1],"tags":[],"class_list":["post-2301","post","type-post","status-publish","format-standard","hentry","category-non-classe"],"views":3454,"_links":{"self":[{"href":"https:\/\/www.urpean.com\/index.php?rest_route=\/wp\/v2\/posts\/2301","targetHints":{"allow":["GET"]}}],"collection":[{"href":"https:\/\/www.urpean.com\/index.php?rest_route=\/wp\/v2\/posts"}],"about":[{"href":"https:\/\/www.urpean.com\/index.php?rest_route=\/wp\/v2\/types\/post"}],"author":[{"embeddable":true,"href":"https:\/\/www.urpean.com\/index.php?rest_route=\/wp\/v2\/users\/1"}],"replies":[{"embeddable":true,"href":"https:\/\/www.urpean.com\/index.php?rest_route=%2Fwp%2Fv2%2Fcomments&post=2301"}],"version-history":[{"count":0,"href":"https:\/\/www.urpean.com\/index.php?rest_route=\/wp\/v2\/posts\/2301\/revisions"}],"wp:attachment":[{"href":"https:\/\/www.urpean.com\/index.php?rest_route=%2Fwp%2Fv2%2Fmedia&parent=2301"}],"wp:term":[{"taxonomy":"category","embeddable":true,"href":"https:\/\/www.urpean.com\/index.php?rest_route=%2Fwp%2Fv2%2Fcategories&post=2301"},{"taxonomy":"post_tag","embeddable":true,"href":"https:\/\/www.urpean.com\/index.php?rest_route=%2Fwp%2Fv2%2Ftags&post=2301"}],"curies":[{"name":"wp","href":"https:\/\/api.w.org\/{rel}","templated":true}]}}