{"id":2352,"date":"2012-04-06T17:44:34","date_gmt":"2012-04-06T16:44:34","guid":{"rendered":"http:\/\/www.urpean.com\/?p=2352"},"modified":"2012-04-06T17:44:34","modified_gmt":"2012-04-06T16:44:34","slug":"descente-de-la-bidassoa-le-dimanche-27-mai-2012","status":"publish","type":"post","link":"https:\/\/www.urpean.com\/?p=2352","title":{"rendered":"Descente de la Bidassoa le dimanche 27 mai 2012"},"content":{"rendered":"<p>Bonjour \u00e0 toutes et tous,<\/p>\n<p>Ci-joint  <a href=\"https:\/\/docs.google.com\/open?id=0B4hV-v9EPYaNaXNuaGlLaU1SSHFRWVlJNWFGU0k4dw\">ICI<\/a> la note d\u00e9finitive de la 43\u00e9me \u00e9dition de la descente de la Bidassoa pr\u00e9vue le dimanche 27 mai.<\/p>\n<p>Attention cette ann\u00e9e seront demand\u00e9s 5\u20ac de frais d&rsquo;inscription.<\/p>\n<p>Pour l&rsquo;h\u00e9bergement la cl\u00f4ture des inscriptions sera le 23 Avril. Organisez-vous afin d&rsquo;\u00e9viter les \u00ab\u00a0embouteillages\u00a0\u00bb des ann\u00e9es pr\u00e9c\u00e9dentes.<\/p>\n<p>A vos palmes !<br \/>\nAmicalement<\/p>\n<p>Jacky MIGUEL (06 77 76 39 79)<\/p>\n","protected":false},"excerpt":{"rendered":"<p>Bonjour \u00e0 toutes et tous, Ci-joint ICI la note d\u00e9finitive de la 43\u00e9me \u00e9dition de la descente de la Bidassoa pr\u00e9vue le dimanche 27 mai. Attention cette ann\u00e9e seront demand\u00e9s 5\u20ac de frais d&rsquo;inscription. Pour l&rsquo;h\u00e9bergement la cl\u00f4ture des inscriptions sera le 23 Avril. Organisez-vous afin d&rsquo;\u00e9viter les \u00ab\u00a0embouteillages\u00a0\u00bb des ann\u00e9es pr\u00e9c\u00e9dentes. A vos palmes&#8230;<\/p>\n","protected":false},"author":3,"featured_media":0,"comment_status":"open","ping_status":"open","sticky":false,"template":"","format":"standard","meta":{"_crdt_document":"","ngg_post_thumbnail":0,"footnotes":""},"categories":[1],"tags":[],"class_list":["post-2352","post","type-post","status-publish","format-standard","hentry","category-non-classe"],"views":2551,"_links":{"self":[{"href":"https:\/\/www.urpean.com\/index.php?rest_route=\/wp\/v2\/posts\/2352","targetHints":{"allow":["GET"]}}],"collection":[{"href":"https:\/\/www.urpean.com\/index.php?rest_route=\/wp\/v2\/posts"}],"about":[{"href":"https:\/\/www.urpean.com\/index.php?rest_route=\/wp\/v2\/types\/post"}],"author":[{"embeddable":true,"href":"https:\/\/www.urpean.com\/index.php?rest_route=\/wp\/v2\/users\/3"}],"replies":[{"embeddable":true,"href":"https:\/\/www.urpean.com\/index.php?rest_route=%2Fwp%2Fv2%2Fcomments&post=2352"}],"version-history":[{"count":0,"href":"https:\/\/www.urpean.com\/index.php?rest_route=\/wp\/v2\/posts\/2352\/revisions"}],"wp:attachment":[{"href":"https:\/\/www.urpean.com\/index.php?rest_route=%2Fwp%2Fv2%2Fmedia&parent=2352"}],"wp:term":[{"taxonomy":"category","embeddable":true,"href":"https:\/\/www.urpean.com\/index.php?rest_route=%2Fwp%2Fv2%2Fcategories&post=2352"},{"taxonomy":"post_tag","embeddable":true,"href":"https:\/\/www.urpean.com\/index.php?rest_route=%2Fwp%2Fv2%2Ftags&post=2352"}],"curies":[{"name":"wp","href":"https:\/\/api.w.org\/{rel}","templated":true}]}}