{"id":2486,"date":"2012-06-19T09:49:16","date_gmt":"2012-06-19T08:49:16","guid":{"rendered":"http:\/\/www.urpean.com\/?p=2486"},"modified":"2012-06-19T09:49:16","modified_gmt":"2012-06-19T08:49:16","slug":"retour-en-images-sur-le-trophee-photo-urpean","status":"publish","type":"post","link":"https:\/\/www.urpean.com\/?p=2486","title":{"rendered":"Retour en images sur le Troph\u00e9e photo URPEAN"},"content":{"rendered":"<p><img loading=\"lazy\" decoding=\"async\" class=\"alignleft\" style=\"margin-left: 10px; margin-right: 10px; border: 1px solid black;\" src=\"http:\/\/forum-photosub.fr\/forum\/download\/file.php?id=7268\" alt=\"\" width=\"277\" height=\"391\" \/>Bonjour \u00e0 tous,<\/p>\n<p>Comme vous le savez, le Club a organis\u00e9 sa 2\u00e8me \u00e9dition du <strong>Troph\u00e9e photo Urpean<\/strong>. Comme l&rsquo;an pass\u00e9, des comp\u00e9titeurs venus de Bretagne, Vend\u00e9e, &#8230; se sont affront\u00e9s \u00e0 la Baie des cochons Samedi matin et apr\u00e8s midi.<br \/>\nSi les conditions de mer \u00e9taient pour le moins houleuses, tous les comp\u00e9titeurs en sont ressortis joyeux, notamment gr\u00e2ce \u00e0 l&rsquo;aide de l&rsquo;ensemble des b\u00e9n\u00e9voles qui avaient r\u00e9pondu pr\u00e9sent. Un grand merci donc \u00e0 Mikel &amp; Jacky, Felipe, No\u00eblle et Jean-Luc, Benat, Jo\u00eblle, JB, Pantxi, Constance, ainsi qu&rsquo;\u00e0 tous ceux qui avaient aussi r\u00e9pondu pr\u00e9sent&#8230;et bien \u00e9videmment Eric pour sa participation au Jury.<\/p>\n<p>Cette ann\u00e9e, c&rsquo;est D\u00e9d\u00e9 Ruoppolo (responsable des comp\u00e9titions de la CNAV \u00e0 la FFESSM) qui a pr\u00e9sid\u00e9 le Jury (accompagn\u00e9 d&rsquo;Eric, Christophe Lebrun et Nicolas Le Gal, Directeur du magasin TRIBORD qui a largement dot\u00e9 la comp\u00e9tition avec de nombreux lots)<\/p>\n<p>Je vous laisse jeter un oeil aux photos et commentaires ici:\u00a0<a href=\"http:\/\/forum-photosub.fr\/forum\/viewtopic.php?f=12&amp;t=6243\" target=\"_blank\">http:\/\/forum-photosub.fr\/forum\/viewtopic.php?f=12&amp;t=6243<\/a><\/p>\n<p>Et la vid\u00e9o ici:\u00a0<a href=\"http:\/\/vimeo.com\/44470186\">2\u00e8me Troph\u00e9e Photo URPEAN<\/a><\/p>\n<p>A bient\u00f4t<\/p>\n","protected":false},"excerpt":{"rendered":"<p>Bonjour \u00e0 tous, Comme vous le savez, le Club a organis\u00e9 sa 2\u00e8me \u00e9dition du Troph\u00e9e photo Urpean. Comme l&rsquo;an pass\u00e9, des comp\u00e9titeurs venus de Bretagne, Vend\u00e9e, &#8230; se sont affront\u00e9s \u00e0 la Baie des cochons Samedi matin et apr\u00e8s midi. Si les conditions de mer \u00e9taient pour le moins houleuses, tous les comp\u00e9titeurs en&#8230;<\/p>\n","protected":false},"author":1,"featured_media":0,"comment_status":"open","ping_status":"open","sticky":false,"template":"","format":"standard","meta":{"_crdt_document":"","ngg_post_thumbnail":0,"footnotes":""},"categories":[1],"tags":[],"class_list":["post-2486","post","type-post","status-publish","format-standard","hentry","category-non-classe"],"views":2466,"_links":{"self":[{"href":"https:\/\/www.urpean.com\/index.php?rest_route=\/wp\/v2\/posts\/2486","targetHints":{"allow":["GET"]}}],"collection":[{"href":"https:\/\/www.urpean.com\/index.php?rest_route=\/wp\/v2\/posts"}],"about":[{"href":"https:\/\/www.urpean.com\/index.php?rest_route=\/wp\/v2\/types\/post"}],"author":[{"embeddable":true,"href":"https:\/\/www.urpean.com\/index.php?rest_route=\/wp\/v2\/users\/1"}],"replies":[{"embeddable":true,"href":"https:\/\/www.urpean.com\/index.php?rest_route=%2Fwp%2Fv2%2Fcomments&post=2486"}],"version-history":[{"count":0,"href":"https:\/\/www.urpean.com\/index.php?rest_route=\/wp\/v2\/posts\/2486\/revisions"}],"wp:attachment":[{"href":"https:\/\/www.urpean.com\/index.php?rest_route=%2Fwp%2Fv2%2Fmedia&parent=2486"}],"wp:term":[{"taxonomy":"category","embeddable":true,"href":"https:\/\/www.urpean.com\/index.php?rest_route=%2Fwp%2Fv2%2Fcategories&post=2486"},{"taxonomy":"post_tag","embeddable":true,"href":"https:\/\/www.urpean.com\/index.php?rest_route=%2Fwp%2Fv2%2Ftags&post=2486"}],"curies":[{"name":"wp","href":"https:\/\/api.w.org\/{rel}","templated":true}]}}