{"id":2546,"date":"2012-08-14T11:42:59","date_gmt":"2012-08-14T10:42:59","guid":{"rendered":"http:\/\/www.urpean.com\/?p=2546"},"modified":"2012-08-14T11:42:59","modified_gmt":"2012-08-14T10:42:59","slug":"reprise-des-plongees-des-cette-apres-midi-mardi-14-aout","status":"publish","type":"post","link":"https:\/\/www.urpean.com\/?p=2546","title":{"rendered":"Reprise des plong\u00e9es d\u00e8s cette apr\u00e8s midi mardi 14 aout"},"content":{"rendered":"<p>Suite \u00e0 la panne de d\u00e9marreur, celui ci ayant \u00e9t\u00e9 chang\u00e9 ce matin, le bateau est \u00e0 nouveau op\u00e9rationnel.<\/p>\n<p>Les plong\u00e9es reprennent cette apr\u00e8s midi.<\/p>\n<p>Le Bureau<\/p>\n","protected":false},"excerpt":{"rendered":"<p>Suite \u00e0 la panne de d\u00e9marreur, celui ci ayant \u00e9t\u00e9 chang\u00e9 ce matin, le bateau est \u00e0 nouveau op\u00e9rationnel. Les plong\u00e9es reprennent cette apr\u00e8s midi. Le Bureau<\/p>\n","protected":false},"author":3,"featured_media":0,"comment_status":"open","ping_status":"open","sticky":false,"template":"","format":"standard","meta":{"_crdt_document":"","ngg_post_thumbnail":0,"footnotes":""},"categories":[1],"tags":[],"class_list":["post-2546","post","type-post","status-publish","format-standard","hentry","category-non-classe"],"views":2279,"_links":{"self":[{"href":"https:\/\/www.urpean.com\/index.php?rest_route=\/wp\/v2\/posts\/2546","targetHints":{"allow":["GET"]}}],"collection":[{"href":"https:\/\/www.urpean.com\/index.php?rest_route=\/wp\/v2\/posts"}],"about":[{"href":"https:\/\/www.urpean.com\/index.php?rest_route=\/wp\/v2\/types\/post"}],"author":[{"embeddable":true,"href":"https:\/\/www.urpean.com\/index.php?rest_route=\/wp\/v2\/users\/3"}],"replies":[{"embeddable":true,"href":"https:\/\/www.urpean.com\/index.php?rest_route=%2Fwp%2Fv2%2Fcomments&post=2546"}],"version-history":[{"count":0,"href":"https:\/\/www.urpean.com\/index.php?rest_route=\/wp\/v2\/posts\/2546\/revisions"}],"wp:attachment":[{"href":"https:\/\/www.urpean.com\/index.php?rest_route=%2Fwp%2Fv2%2Fmedia&parent=2546"}],"wp:term":[{"taxonomy":"category","embeddable":true,"href":"https:\/\/www.urpean.com\/index.php?rest_route=%2Fwp%2Fv2%2Fcategories&post=2546"},{"taxonomy":"post_tag","embeddable":true,"href":"https:\/\/www.urpean.com\/index.php?rest_route=%2Fwp%2Fv2%2Ftags&post=2546"}],"curies":[{"name":"wp","href":"https:\/\/api.w.org\/{rel}","templated":true}]}}