{"id":3015,"date":"2013-01-06T20:14:33","date_gmt":"2013-01-06T19:14:33","guid":{"rendered":"http:\/\/olivierdelorieuxfr.ipage.com\/wp\/?p=3015"},"modified":"2013-01-06T20:14:33","modified_gmt":"2013-01-06T19:14:33","slug":"voeux-2013","status":"publish","type":"post","link":"https:\/\/www.urpean.com\/?p=3015","title":{"rendered":"Voeux 2013"},"content":{"rendered":"<p>Une nouvelle ann\u00e9e vient de d\u00e9buter et avec elle, une saison suppl\u00e9mentaire de plong\u00e9e pour Urpean.<\/p>\n<p>La saison 2013 se termine en demi-teinte par une l\u00e9g\u00e8re baisse de nos effectifs et une d\u00e9saffection des groupes de plongeurs d\u2019autres clubs f\u00e9d\u00e9raux.<\/p>\n<p>Nous constatons une implication toujours aussi importante de nos soci\u00e9taires dans les divers appels que nous faisons pour faire vivre cette association.<br \/>\nIl nous faudra, tous ensemble, rendre toujours plus attractif, convivial ce club afin de continuer \u00e0 partager et faire partager notre passion.<\/p>\n<p>L\u2019ann\u00e9e 2013 sera riche en \u00e9v\u00e8nement qui devrait mettre en avant notre activit\u00e9 :<\/p>\n<ul>\n<li>l\u2019implication d\u2019Urpean dans la cr\u00e9ation de l\u2019aire marine prot\u00e9g\u00e9e<\/li>\n<li>notre travail de sensibilisation sur l\u2019environnement avec le CPIE littoral,<\/li>\n<li>le cinquantenaire,<\/li>\n<li>etc&#8230;<\/li>\n<\/ul>\n<p>Je n\u2019oublie pas le projet d\u2019achat du nouveau bateau.\u00a0D\u00e8s la mi-janvier partiront l\u2019ensemble des notes d\u2019opportunit\u00e9s aux diff\u00e9rents organismes qui pourraient nous aider \u00e0 finaliser cet achat on\u00e9reux.\u00a0Nous serons certainement fix\u00e9 en milieu d\u2019ann\u00e9e, nous ne manquerons pas de vous tenir au courant.<\/p>\n<p>Nous vous souhaitons une bonne et heureuse ann\u00e9e 2013 et nous serons ravis de vous retrouver parmi nous pour \u00ab le bon et le moins bon \u00bb, ce club en d\u00e9pend.<br \/>\nLe Bureau directeur.<\/p>\n","protected":false},"excerpt":{"rendered":"<p>Une nouvelle ann\u00e9e vient de d\u00e9buter et avec elle, une saison suppl\u00e9mentaire de plong\u00e9e pour Urpean. La saison 2013 se termine en demi-teinte par une l\u00e9g\u00e8re baisse de nos effectifs et une d\u00e9saffection des groupes de plongeurs d\u2019autres clubs f\u00e9d\u00e9raux. Nous constatons une implication toujours aussi importante de nos soci\u00e9taires dans les divers appels que&#8230;<\/p>\n","protected":false},"author":3,"featured_media":0,"comment_status":"open","ping_status":"open","sticky":false,"template":"","format":"standard","meta":{"_crdt_document":"","ngg_post_thumbnail":0,"footnotes":""},"categories":[6,5],"tags":[],"class_list":["post-3015","post","type-post","status-publish","format-standard","hentry","category-agenda","category-vie-du-club"],"views":2599,"_links":{"self":[{"href":"https:\/\/www.urpean.com\/index.php?rest_route=\/wp\/v2\/posts\/3015","targetHints":{"allow":["GET"]}}],"collection":[{"href":"https:\/\/www.urpean.com\/index.php?rest_route=\/wp\/v2\/posts"}],"about":[{"href":"https:\/\/www.urpean.com\/index.php?rest_route=\/wp\/v2\/types\/post"}],"author":[{"embeddable":true,"href":"https:\/\/www.urpean.com\/index.php?rest_route=\/wp\/v2\/users\/3"}],"replies":[{"embeddable":true,"href":"https:\/\/www.urpean.com\/index.php?rest_route=%2Fwp%2Fv2%2Fcomments&post=3015"}],"version-history":[{"count":2,"href":"https:\/\/www.urpean.com\/index.php?rest_route=\/wp\/v2\/posts\/3015\/revisions"}],"predecessor-version":[{"id":3017,"href":"https:\/\/www.urpean.com\/index.php?rest_route=\/wp\/v2\/posts\/3015\/revisions\/3017"}],"wp:attachment":[{"href":"https:\/\/www.urpean.com\/index.php?rest_route=%2Fwp%2Fv2%2Fmedia&parent=3015"}],"wp:term":[{"taxonomy":"category","embeddable":true,"href":"https:\/\/www.urpean.com\/index.php?rest_route=%2Fwp%2Fv2%2Fcategories&post=3015"},{"taxonomy":"post_tag","embeddable":true,"href":"https:\/\/www.urpean.com\/index.php?rest_route=%2Fwp%2Fv2%2Ftags&post=3015"}],"curies":[{"name":"wp","href":"https:\/\/api.w.org\/{rel}","templated":true}]}}