{"id":3070,"date":"2013-02-07T20:21:31","date_gmt":"2013-02-07T19:21:31","guid":{"rendered":"http:\/\/www.urpean.com\/?p=3070"},"modified":"2013-02-07T20:21:31","modified_gmt":"2013-02-07T19:21:31","slug":"trophee-urpean-a-vous-de-jouer","status":"publish","type":"post","link":"https:\/\/www.urpean.com\/?p=3070","title":{"rendered":"Troph\u00e9e URPEAN &#8211; A vous de jouer !"},"content":{"rendered":"<p>Bonsoir \u00e0 tous,<\/p>\n<p>Comme l&rsquo;an pass\u00e9, nous allons accueillir \u00e0 URPEAN les\u00a0<b>15 et 16 Juin<\/b>\u00a0prochain\u00a0<b>12 \u00e9quipes de photographe<\/b>\u00a0sous-marin pour la <strong>3<\/strong><b>\u00e8me \u00e9dition du Troph\u00e9e Photo.<\/b><\/p>\n<div>Le succ\u00e8s d&rsquo;une telle manifestation revient aux personnes qui nous ont donn\u00e9 un formidable coup de main.<\/div>\n<div><\/div>\n<div><strong>\u00a0J<\/strong><b>&lsquo;ai besoin de volontaires pour la journ\u00e9e du Samedi 15 Juin<\/b>. Je n&rsquo;ai pas encore attribu\u00e9 les postes mais sachez, comme l&rsquo;an pass\u00e9, que chacun aura un programme bien pr\u00e9cis !<\/div>\n<div><\/div>\n<div>J&rsquo;aurai besoin de personnes pour plein de choses diff\u00e9rentes, pour le gonflage, le repas du midi (rangement \/ nettoyage), le repas du soir (rangement \/ nettoyage, les Chefs Jacky &amp; Mikel composeront eux-m\u00eame leur brigade), personnes pour assurer les transferts de chariots, &#8230;enfin bref, plein de personnes diff\u00e9rentes &#8230;<\/div>\n<div><\/div>\n<div>Que celles &amp; ceux qui ont 1 journ\u00e9e ou m\u00eame 1\/2 journ\u00e9e \u00e0 nous accorder me pr\u00e9viennent d\u00e8s maintenant. Je leur attribuerai un poste plus tard. Mon mail: olivier.delorieux@gmail.com<\/div>\n<div><\/div>\n<div>Et voici l&rsquo;affiche que j&rsquo;ai communiqu\u00e9 pour les comp\u00e9titeurs photographes.<\/div>\n<div><\/div>\n<div><a href=\"http:\/\/www.urpean.com\/?attachment_id=3071\" rel=\"attachment wp-att-3071\"><img loading=\"lazy\" decoding=\"async\" class=\"aligncenter size-medium wp-image-3071\" alt=\"3\u00e8me Troph\u00e9e photo URPEAN\" src=\"http:\/\/www.urpean.com\/wp-content\/uploads\/2013\/02\/2013-AFFICHE-750-200x300.jpg\" width=\"200\" height=\"300\" srcset=\"https:\/\/www.urpean.com\/wp-content\/uploads\/2013\/02\/2013-AFFICHE-750-200x300.jpg 200w, https:\/\/www.urpean.com\/wp-content\/uploads\/2013\/02\/2013-AFFICHE-750.jpg 502w\" sizes=\"auto, (max-width: 200px) 100vw, 200px\" \/><\/a><\/div>\n","protected":false},"excerpt":{"rendered":"<p>Bonsoir \u00e0 tous, Comme l&rsquo;an pass\u00e9, nous allons accueillir \u00e0 URPEAN les\u00a015 et 16 Juin\u00a0prochain\u00a012 \u00e9quipes de photographe\u00a0sous-marin pour la 3\u00e8me \u00e9dition du Troph\u00e9e Photo. Le succ\u00e8s d&rsquo;une telle manifestation revient aux personnes qui nous ont donn\u00e9 un formidable coup de main. \u00a0J&lsquo;ai besoin de volontaires pour la journ\u00e9e du Samedi 15 Juin. Je n&rsquo;ai&#8230;<\/p>\n","protected":false},"author":1,"featured_media":0,"comment_status":"open","ping_status":"open","sticky":false,"template":"","format":"standard","meta":{"_crdt_document":"","ngg_post_thumbnail":0,"footnotes":""},"categories":[7,5],"tags":[],"class_list":["post-3070","post","type-post","status-publish","format-standard","hentry","category-photo-ss-marine","category-vie-du-club"],"views":2734,"_links":{"self":[{"href":"https:\/\/www.urpean.com\/index.php?rest_route=\/wp\/v2\/posts\/3070","targetHints":{"allow":["GET"]}}],"collection":[{"href":"https:\/\/www.urpean.com\/index.php?rest_route=\/wp\/v2\/posts"}],"about":[{"href":"https:\/\/www.urpean.com\/index.php?rest_route=\/wp\/v2\/types\/post"}],"author":[{"embeddable":true,"href":"https:\/\/www.urpean.com\/index.php?rest_route=\/wp\/v2\/users\/1"}],"replies":[{"embeddable":true,"href":"https:\/\/www.urpean.com\/index.php?rest_route=%2Fwp%2Fv2%2Fcomments&post=3070"}],"version-history":[{"count":1,"href":"https:\/\/www.urpean.com\/index.php?rest_route=\/wp\/v2\/posts\/3070\/revisions"}],"predecessor-version":[{"id":3072,"href":"https:\/\/www.urpean.com\/index.php?rest_route=\/wp\/v2\/posts\/3070\/revisions\/3072"}],"wp:attachment":[{"href":"https:\/\/www.urpean.com\/index.php?rest_route=%2Fwp%2Fv2%2Fmedia&parent=3070"}],"wp:term":[{"taxonomy":"category","embeddable":true,"href":"https:\/\/www.urpean.com\/index.php?rest_route=%2Fwp%2Fv2%2Fcategories&post=3070"},{"taxonomy":"post_tag","embeddable":true,"href":"https:\/\/www.urpean.com\/index.php?rest_route=%2Fwp%2Fv2%2Ftags&post=3070"}],"curies":[{"name":"wp","href":"https:\/\/api.w.org\/{rel}","templated":true}]}}