{"id":3207,"date":"2013-05-07T14:23:55","date_gmt":"2013-05-07T13:23:55","guid":{"rendered":"http:\/\/www.urpean.com\/?p=3207"},"modified":"2013-05-07T14:23:55","modified_gmt":"2013-05-07T13:23:55","slug":"previsions-des-plongees-pour-ce-week-end-de-lascension","status":"publish","type":"post","link":"https:\/\/www.urpean.com\/?p=3207","title":{"rendered":"Pr\u00e9visions des plong\u00e9es pour ce week end de l\u2019Ascension"},"content":{"rendered":"<p>Il a \u00e9t\u00e9 d\u00e9cid\u00e9 en fonction de la m\u00e9t\u00e9o mer que\u00a0:<\/p>\n<ul>\n<li>Jeudi matin 9 mai\u00a0: RV \u00e0 9H, d\u00e9part bateau \u00e0 9H30<\/li>\n<li>Jeudi apr\u00e8s midi 9 mai EN FONCTION DE LA METEO\u00a0: <strong>RV 15H30, d\u00e9part bateau \u00e0 16H pour une plong\u00e9e au cap BIOSNAR.<\/strong><\/li>\n<li><strong>Vendredi 10 mai toute la journ\u00e9e\u00a0: PAS DE SORTIES<\/strong> les pr\u00e9visions de hauteur de houle ne pouvant pas assurer les sorties. La bateau sera mis au sec pour changer l\u2019\u00e9toupe assurant l \u2018\u00e9tanch\u00e9it\u00e9 de la sortie de l\u2019arbre de l\u2019h\u00e9lice (voir photo)<\/li>\n<li>Samedi matin 11 mai\u00a0: RV \u00e0 9H, d\u00e9part bateau \u00e0 9H30<\/li>\n<li>Samedi apr\u00e8s midi 11 mai\u00a0: RV \u00e0 15H, d\u00e9part bateau \u00e0 15H30<\/li>\n<li>Dimanche matin 12 mai\u00a0: RV \u00e0 9H, d\u00e9part bateau \u00e0 9H30<\/li>\n<\/ul>\n<p>Le Bureau<\/p>\n<p style=\"text-align: center;\"><img loading=\"lazy\" decoding=\"async\" class=\"aligncenter  wp-image-3208\" alt=\"2007-09-17_URPEAN-5\" src=\"http:\/\/www.urpean.com\/wp-content\/uploads\/2013\/05\/2007-09-17_URPEAN-5.jpg\" width=\"336\" height=\"223\" srcset=\"https:\/\/www.urpean.com\/wp-content\/uploads\/2013\/05\/2007-09-17_URPEAN-5.jpg 800w, https:\/\/www.urpean.com\/wp-content\/uploads\/2013\/05\/2007-09-17_URPEAN-5-300x199.jpg 300w\" sizes=\"auto, (max-width: 336px) 100vw, 336px\" \/><\/p>\n","protected":false},"excerpt":{"rendered":"<p>Il a \u00e9t\u00e9 d\u00e9cid\u00e9 en fonction de la m\u00e9t\u00e9o mer que\u00a0: Jeudi matin 9 mai\u00a0: RV \u00e0 9H, d\u00e9part bateau \u00e0 9H30 Jeudi apr\u00e8s midi 9 mai EN FONCTION DE LA METEO\u00a0: RV 15H30, d\u00e9part bateau \u00e0 16H pour une plong\u00e9e au cap BIOSNAR. Vendredi 10 mai toute la journ\u00e9e\u00a0: PAS DE SORTIES les pr\u00e9visions&#8230;<\/p>\n","protected":false},"author":3,"featured_media":0,"comment_status":"open","ping_status":"open","sticky":false,"template":"","format":"standard","meta":{"_crdt_document":"","ngg_post_thumbnail":0,"footnotes":""},"categories":[1],"tags":[],"class_list":["post-3207","post","type-post","status-publish","format-standard","hentry","category-non-classe"],"views":2057,"_links":{"self":[{"href":"https:\/\/www.urpean.com\/index.php?rest_route=\/wp\/v2\/posts\/3207","targetHints":{"allow":["GET"]}}],"collection":[{"href":"https:\/\/www.urpean.com\/index.php?rest_route=\/wp\/v2\/posts"}],"about":[{"href":"https:\/\/www.urpean.com\/index.php?rest_route=\/wp\/v2\/types\/post"}],"author":[{"embeddable":true,"href":"https:\/\/www.urpean.com\/index.php?rest_route=\/wp\/v2\/users\/3"}],"replies":[{"embeddable":true,"href":"https:\/\/www.urpean.com\/index.php?rest_route=%2Fwp%2Fv2%2Fcomments&post=3207"}],"version-history":[{"count":3,"href":"https:\/\/www.urpean.com\/index.php?rest_route=\/wp\/v2\/posts\/3207\/revisions"}],"predecessor-version":[{"id":3211,"href":"https:\/\/www.urpean.com\/index.php?rest_route=\/wp\/v2\/posts\/3207\/revisions\/3211"}],"wp:attachment":[{"href":"https:\/\/www.urpean.com\/index.php?rest_route=%2Fwp%2Fv2%2Fmedia&parent=3207"}],"wp:term":[{"taxonomy":"category","embeddable":true,"href":"https:\/\/www.urpean.com\/index.php?rest_route=%2Fwp%2Fv2%2Fcategories&post=3207"},{"taxonomy":"post_tag","embeddable":true,"href":"https:\/\/www.urpean.com\/index.php?rest_route=%2Fwp%2Fv2%2Ftags&post=3207"}],"curies":[{"name":"wp","href":"https:\/\/api.w.org\/{rel}","templated":true}]}}