{"id":321,"date":"2009-01-26T20:01:58","date_gmt":"2009-01-26T19:01:58","guid":{"rendered":"http:\/\/www.urpean.com\/?p=321"},"modified":"2009-01-26T20:01:58","modified_gmt":"2009-01-26T19:01:58","slug":"exposition-photo-a-pau","status":"publish","type":"post","link":"https:\/\/www.urpean.com\/?p=321","title":{"rendered":"Exposition Photo \u00e0 Pau"},"content":{"rendered":"<p>Bonsoir \u00e0 tous,<\/p>\n<p>Si vous passez par Pau entre le 2 et le 22 F\u00e9vrier, n&rsquo;oubliez pas d&rsquo;aller jeter un coup d&rsquo;oeil \u00e0 l&rsquo;exposition Pau Photo qui se d\u00e9roulera au centre Bosquet (pour la plus grande partie).<\/p>\n<p>Une s\u00e9lection d\u2019une trentaine d\u2019images encadrera le stand Plongeur.com et sera donc expos\u00e9e au sein du prestigieux <a href=\"http:\/\/pauphoto.over-blog.com\/article-21751014.html\" target=\"_blank\">Palais Beaumont<\/a> durant le week-end du salon : le 22 f\u00e9vrier.<\/p>\n<p>J&rsquo;aurai le privil\u00e8ge d&rsquo;y pr\u00e9senter 6 images sous-marine prises dans la r\u00e9gion Hendayaise afin de montrer \u00e0 tous que la plong\u00e9e au Pays Basque vaut le d\u00e9tour.<\/p>\n<p>Katia &amp; moi avons pr\u00e9vu d&rsquo;y \u00eatre toute la journ\u00e9e du 22.<\/p>\n<p>Tous les renseignements ici:<\/p>\n<p><a href=\"http:\/\/www.fplanglois.com\/plongee\/pauphoto\/\" target=\"_blank\">http:\/\/www.fplanglois.com\/plongee\/pauphoto\/<\/a><\/p>\n<p>et<\/p>\n<p><a href=\"http:\/\/www.pauphoto.com\/\" target=\"_blank\">http:\/\/www.pauphoto.com\/<\/a><\/p>\n","protected":false},"excerpt":{"rendered":"<p>Bonsoir \u00e0 tous, Si vous passez par Pau entre le 2 et le 22 F\u00e9vrier, n&rsquo;oubliez pas d&rsquo;aller jeter un coup d&rsquo;oeil \u00e0 l&rsquo;exposition Pau Photo qui se d\u00e9roulera au centre Bosquet (pour la plus grande partie). Une s\u00e9lection d\u2019une trentaine d\u2019images encadrera le stand Plongeur.com et sera donc expos\u00e9e au sein du prestigieux Palais&#8230;<\/p>\n","protected":false},"author":1,"featured_media":0,"comment_status":"open","ping_status":"open","sticky":false,"template":"","format":"standard","meta":{"_crdt_document":"","ngg_post_thumbnail":0,"footnotes":""},"categories":[6,7],"tags":[],"class_list":["post-321","post","type-post","status-publish","format-standard","hentry","category-agenda","category-photo-ss-marine"],"views":2066,"_links":{"self":[{"href":"https:\/\/www.urpean.com\/index.php?rest_route=\/wp\/v2\/posts\/321","targetHints":{"allow":["GET"]}}],"collection":[{"href":"https:\/\/www.urpean.com\/index.php?rest_route=\/wp\/v2\/posts"}],"about":[{"href":"https:\/\/www.urpean.com\/index.php?rest_route=\/wp\/v2\/types\/post"}],"author":[{"embeddable":true,"href":"https:\/\/www.urpean.com\/index.php?rest_route=\/wp\/v2\/users\/1"}],"replies":[{"embeddable":true,"href":"https:\/\/www.urpean.com\/index.php?rest_route=%2Fwp%2Fv2%2Fcomments&post=321"}],"version-history":[{"count":0,"href":"https:\/\/www.urpean.com\/index.php?rest_route=\/wp\/v2\/posts\/321\/revisions"}],"wp:attachment":[{"href":"https:\/\/www.urpean.com\/index.php?rest_route=%2Fwp%2Fv2%2Fmedia&parent=321"}],"wp:term":[{"taxonomy":"category","embeddable":true,"href":"https:\/\/www.urpean.com\/index.php?rest_route=%2Fwp%2Fv2%2Fcategories&post=321"},{"taxonomy":"post_tag","embeddable":true,"href":"https:\/\/www.urpean.com\/index.php?rest_route=%2Fwp%2Fv2%2Ftags&post=321"}],"curies":[{"name":"wp","href":"https:\/\/api.w.org\/{rel}","templated":true}]}}