{"id":3242,"date":"2013-05-13T11:34:08","date_gmt":"2013-05-13T10:34:08","guid":{"rendered":"http:\/\/www.urpean.com\/?p=3242"},"modified":"2013-05-14T12:37:22","modified_gmt":"2013-05-14T11:37:22","slug":"sortie-plongee-a-la-journee","status":"publish","type":"post","link":"https:\/\/www.urpean.com\/?p=3242","title":{"rendered":"Sortie plong\u00e9e \u00e0 la journ\u00e9e."},"content":{"rendered":"<p>le samedi 25 mai nous effectuerons une sortie \u00e0 la journ\u00e9e sur Pasajes.<\/p>\n<p>Le matin nous plongerons sur P\u00e9ckachilla et l&rsquo;apr\u00e8s midi \u00e0 la pointe Biosar.<\/p>\n<p>Nous casserons la cro\u00fbte le midi et boirons le caf\u00e9 dans le port marchand de Pasajes.<\/p>\n<p>Rendez-vous au club \u00e0 8h30 pour un d\u00e9part \u00e0 9h00.<\/p>\n<p>Chacun porte son casse-cro\u00fbte, N2 minimum (except\u00e9 la formation N1 qui sera encadr\u00e9e par la commission technique).<\/p>\n<p>R\u00e9servation : au 06 42 37 91 09.<\/p>\n<p>Confirm\u00e9 par un ch\u00e8que de 10 euros ainsi que pour les stagiaires N1 et leurs encadrants.<\/p>\n<p>\u00c9ric.<\/p>\n<p><a href=\"http:\/\/www.urpean.com\/wp-content\/uploads\/2013\/05\/2005-08-14_URPEAN-44.jpg\"><img loading=\"lazy\" decoding=\"async\" class=\"alignnone size-medium wp-image-3255\" alt=\"2005-08-14_URPEAN-44\" src=\"http:\/\/www.urpean.com\/wp-content\/uploads\/2013\/05\/2005-08-14_URPEAN-44-300x199.jpg\" width=\"300\" height=\"199\" srcset=\"https:\/\/www.urpean.com\/wp-content\/uploads\/2013\/05\/2005-08-14_URPEAN-44-300x199.jpg 300w, https:\/\/www.urpean.com\/wp-content\/uploads\/2013\/05\/2005-08-14_URPEAN-44.jpg 800w\" sizes=\"auto, (max-width: 300px) 100vw, 300px\" \/><\/a> <a href=\"http:\/\/www.urpean.com\/wp-content\/uploads\/2013\/05\/2005-08-14_URPEAN-39-2.jpg\"><img loading=\"lazy\" decoding=\"async\" class=\"alignnone size-medium wp-image-3254\" alt=\"2005-08-14_URPEAN-39-2\" src=\"http:\/\/www.urpean.com\/wp-content\/uploads\/2013\/05\/2005-08-14_URPEAN-39-2-300x199.jpg\" width=\"300\" height=\"199\" srcset=\"https:\/\/www.urpean.com\/wp-content\/uploads\/2013\/05\/2005-08-14_URPEAN-39-2-300x199.jpg 300w, https:\/\/www.urpean.com\/wp-content\/uploads\/2013\/05\/2005-08-14_URPEAN-39-2.jpg 800w\" sizes=\"auto, (max-width: 300px) 100vw, 300px\" \/><\/a><\/p>\n<p><a href=\"http:\/\/www.urpean.com\/wp-content\/uploads\/2013\/05\/2005-08-14_URPEAN-29-2.jpg\"><img loading=\"lazy\" decoding=\"async\" class=\"alignnone size-medium wp-image-3253\" alt=\"2005-08-14_URPEAN-29-2\" src=\"http:\/\/www.urpean.com\/wp-content\/uploads\/2013\/05\/2005-08-14_URPEAN-29-2-300x199.jpg\" width=\"300\" height=\"199\" srcset=\"https:\/\/www.urpean.com\/wp-content\/uploads\/2013\/05\/2005-08-14_URPEAN-29-2-300x199.jpg 300w, https:\/\/www.urpean.com\/wp-content\/uploads\/2013\/05\/2005-08-14_URPEAN-29-2.jpg 800w\" sizes=\"auto, (max-width: 300px) 100vw, 300px\" \/><\/a> <a href=\"http:\/\/www.urpean.com\/wp-content\/uploads\/2013\/05\/2005-08-14_URPEAN-26.jpg\"><img loading=\"lazy\" decoding=\"async\" class=\"alignnone size-medium wp-image-3252\" alt=\"2005-08-14_URPEAN-26\" src=\"http:\/\/www.urpean.com\/wp-content\/uploads\/2013\/05\/2005-08-14_URPEAN-26-300x199.jpg\" width=\"300\" height=\"199\" srcset=\"https:\/\/www.urpean.com\/wp-content\/uploads\/2013\/05\/2005-08-14_URPEAN-26-300x199.jpg 300w, https:\/\/www.urpean.com\/wp-content\/uploads\/2013\/05\/2005-08-14_URPEAN-26.jpg 800w\" sizes=\"auto, (max-width: 300px) 100vw, 300px\" \/><\/a><\/p>\n","protected":false},"excerpt":{"rendered":"<p>le samedi 25 mai nous effectuerons une sortie \u00e0 la journ\u00e9e sur Pasajes. Le matin nous plongerons sur P\u00e9ckachilla et l&rsquo;apr\u00e8s midi \u00e0 la pointe Biosar. Nous casserons la cro\u00fbte le midi et boirons le caf\u00e9 dans le port marchand de Pasajes. Rendez-vous au club \u00e0 8h30 pour un d\u00e9part \u00e0 9h00. Chacun porte son&#8230;<\/p>\n","protected":false},"author":6,"featured_media":0,"comment_status":"open","ping_status":"open","sticky":false,"template":"","format":"standard","meta":{"_crdt_document":"","ngg_post_thumbnail":0,"footnotes":""},"categories":[1],"tags":[],"class_list":["post-3242","post","type-post","status-publish","format-standard","hentry","category-non-classe"],"views":2999,"_links":{"self":[{"href":"https:\/\/www.urpean.com\/index.php?rest_route=\/wp\/v2\/posts\/3242","targetHints":{"allow":["GET"]}}],"collection":[{"href":"https:\/\/www.urpean.com\/index.php?rest_route=\/wp\/v2\/posts"}],"about":[{"href":"https:\/\/www.urpean.com\/index.php?rest_route=\/wp\/v2\/types\/post"}],"author":[{"embeddable":true,"href":"https:\/\/www.urpean.com\/index.php?rest_route=\/wp\/v2\/users\/6"}],"replies":[{"embeddable":true,"href":"https:\/\/www.urpean.com\/index.php?rest_route=%2Fwp%2Fv2%2Fcomments&post=3242"}],"version-history":[{"count":5,"href":"https:\/\/www.urpean.com\/index.php?rest_route=\/wp\/v2\/posts\/3242\/revisions"}],"predecessor-version":[{"id":3245,"href":"https:\/\/www.urpean.com\/index.php?rest_route=\/wp\/v2\/posts\/3242\/revisions\/3245"}],"wp:attachment":[{"href":"https:\/\/www.urpean.com\/index.php?rest_route=%2Fwp%2Fv2%2Fmedia&parent=3242"}],"wp:term":[{"taxonomy":"category","embeddable":true,"href":"https:\/\/www.urpean.com\/index.php?rest_route=%2Fwp%2Fv2%2Fcategories&post=3242"},{"taxonomy":"post_tag","embeddable":true,"href":"https:\/\/www.urpean.com\/index.php?rest_route=%2Fwp%2Fv2%2Ftags&post=3242"}],"curies":[{"name":"wp","href":"https:\/\/api.w.org\/{rel}","templated":true}]}}