{"id":3373,"date":"2013-06-29T14:57:49","date_gmt":"2013-06-29T13:57:49","guid":{"rendered":"http:\/\/www.urpean.com\/?p=3373"},"modified":"2013-06-29T14:57:49","modified_gmt":"2013-06-29T13:57:49","slug":"mise-en-place-des-stands-pour-la-fete-du-xipiron-le-samedi-13-juillet-et-celle-de-la-mer-le-vendredi-19-juillet","status":"publish","type":"post","link":"https:\/\/www.urpean.com\/?p=3373","title":{"rendered":"Mise en place des stands pour la f\u00eate du Xipiron le samedi 13 juillet et celle de la mer le vendredi 19 juillet"},"content":{"rendered":"<p>Pour le montage et le d\u00e9montage des stands\u00a0les volontaires doivent contacter :<\/p>\n<ul>\n<li>F\u00eate du Xipiron\u00a0: S\u00e9bastien Geles\/ Isabelle Maury\/Geles au\u00a0:\u00a0 06 26 90 01 05<\/li>\n<li>F\u00eate de la mer\u00a0: Michel Mateos au\u00a0: 06 80 44 17 40<\/li>\n<\/ul>\n<p>Organisation\u00a0:<\/p>\n<ul>\n<li>F\u00eate du Xipiron\u00a0:\n<ul>\n<li>Les volontaires ont rendez vous \u00e0 14H pour\u00a0:\n<ul>\n<li>Le montage du stand<\/li>\n<li>Apporter les tables et les chaises qui seront au comit\u00e9 des f\u00eates de la commune (15H)<\/li>\n<li>A partir de minuit pour le d\u00e9montage<\/li>\n<\/ul>\n<\/li>\n<\/ul>\n<\/li>\n<li>F\u00eate de la mer\u00a0:\n<ul>\n<li>Les volontaires ont rendez vous \u00e0 14H pour le montage des stands<\/li>\n<li>Le d\u00e9montage sera r\u00e9alis\u00e9 le lundi 22 juillet.<\/li>\n<\/ul>\n<\/li>\n<\/ul>\n<p>Tous les volontaires <b>pour le service<\/b> y compris ceux qui animeront les deux f\u00eates sont invit\u00e9s \u00e0 se faire conna\u00eetre aupr\u00e8s de Jacky au 06 77 76 39 79<\/p>\n<p>Le Bureau<\/p>\n<p>&nbsp;<\/p>\n<p>&nbsp;<\/p>\n","protected":false},"excerpt":{"rendered":"<p>Pour le montage et le d\u00e9montage des stands\u00a0les volontaires doivent contacter : F\u00eate du Xipiron\u00a0: S\u00e9bastien Geles\/ Isabelle Maury\/Geles au\u00a0:\u00a0 06 26 90 01 05 F\u00eate de la mer\u00a0: Michel Mateos au\u00a0: 06 80 44 17 40 Organisation\u00a0: F\u00eate du Xipiron\u00a0: Les volontaires ont rendez vous \u00e0 14H pour\u00a0: Le montage du stand Apporter les&#8230;<\/p>\n","protected":false},"author":3,"featured_media":0,"comment_status":"open","ping_status":"open","sticky":false,"template":"","format":"standard","meta":{"_crdt_document":"","ngg_post_thumbnail":0,"footnotes":""},"categories":[6,5],"tags":[],"class_list":["post-3373","post","type-post","status-publish","format-standard","hentry","category-agenda","category-vie-du-club"],"views":2156,"_links":{"self":[{"href":"https:\/\/www.urpean.com\/index.php?rest_route=\/wp\/v2\/posts\/3373","targetHints":{"allow":["GET"]}}],"collection":[{"href":"https:\/\/www.urpean.com\/index.php?rest_route=\/wp\/v2\/posts"}],"about":[{"href":"https:\/\/www.urpean.com\/index.php?rest_route=\/wp\/v2\/types\/post"}],"author":[{"embeddable":true,"href":"https:\/\/www.urpean.com\/index.php?rest_route=\/wp\/v2\/users\/3"}],"replies":[{"embeddable":true,"href":"https:\/\/www.urpean.com\/index.php?rest_route=%2Fwp%2Fv2%2Fcomments&post=3373"}],"version-history":[{"count":3,"href":"https:\/\/www.urpean.com\/index.php?rest_route=\/wp\/v2\/posts\/3373\/revisions"}],"predecessor-version":[{"id":3376,"href":"https:\/\/www.urpean.com\/index.php?rest_route=\/wp\/v2\/posts\/3373\/revisions\/3376"}],"wp:attachment":[{"href":"https:\/\/www.urpean.com\/index.php?rest_route=%2Fwp%2Fv2%2Fmedia&parent=3373"}],"wp:term":[{"taxonomy":"category","embeddable":true,"href":"https:\/\/www.urpean.com\/index.php?rest_route=%2Fwp%2Fv2%2Fcategories&post=3373"},{"taxonomy":"post_tag","embeddable":true,"href":"https:\/\/www.urpean.com\/index.php?rest_route=%2Fwp%2Fv2%2Ftags&post=3373"}],"curies":[{"name":"wp","href":"https:\/\/api.w.org\/{rel}","templated":true}]}}