{"id":3794,"date":"2014-04-06T15:16:57","date_gmt":"2014-04-06T14:16:57","guid":{"rendered":"http:\/\/www.urpean.com\/?p=3794"},"modified":"2014-04-06T15:16:57","modified_gmt":"2014-04-06T14:16:57","slug":"sortie-urpean-a-estartit-du-37-au-77","status":"publish","type":"post","link":"https:\/\/www.urpean.com\/?p=3794","title":{"rendered":"Sortie URPEAN \u00e0 Estartit du 3\/7 au 7\/7"},"content":{"rendered":"<p>Depuis plusieurs ann\u00e9es, certains membre d&rsquo;URPEAN se \u00ab\u00a0d\u00e9localisent\u00a0\u00bb et vont plonger \u00e0 Estartit.<\/p>\n<p>Si cela vous interr\u00e9sse, voici les conditions de cette sortie:<\/p>\n<ul>\n<li>D\u00e9part Jeudi 3 Juillet vers 14h00<\/li>\n<li>Vendredi 4, Samedi 5 et Diamche 6\/7 : 2 plong\u00e9es par jour (9h00 et 15h00)<\/li>\n<li>Lundi 7\/7 2 plong\u00e9es le matin (9h et 11h), repas, puis retour vers Hendaye<\/li>\n<li>Cette ann\u00e9e, les minibus ne sont pas disponibles, donc on s&rsquo;arrangera pour les voitures.<\/li>\n<li>Niveau 2 minimum souhait\u00e9 avec possibilit\u00e9s d&rsquo;encadrement<\/li>\n<li>Structure d&rsquo;accueil : <a href=\"http:\/\/www.rei-del-mar.com\/plonge_estartit\/index.html\">El Rei del Mar<\/a>, et hotel Panorama<\/li>\n<li>Pour un s\u00e9jour similaire l&rsquo;an dernier, les prix \u00e9taient de 190\u20ac pour l&rsquo;h\u00f4tel, et 250\u20ac pour les 8 plong\u00e9es<\/li>\n<\/ul>\n<p>Nous sommes d\u00e9j\u00e0 une bonne douzaine d&rsquo;inscrits, et il y a de belles plong\u00e9es \u00e0 faire dans la r\u00e9serve!<\/p>\n<p>Contact : Mikel, \u00a0 \u00a0 \u00a0 \u00a0 \u00a0 \u00a0mikel.calbete@neuf.fr<\/p>\n<p><a href=\"http:\/\/www.urpean.com\/wp-content\/uploads\/2014\/04\/medes_acc.jpg\"><img loading=\"lazy\" decoding=\"async\" class=\"alignnone size-full wp-image-3795\" alt=\"medes_acc\" src=\"http:\/\/www.urpean.com\/wp-content\/uploads\/2014\/04\/medes_acc.jpg\" width=\"600\" height=\"354\" srcset=\"https:\/\/www.urpean.com\/wp-content\/uploads\/2014\/04\/medes_acc.jpg 600w, https:\/\/www.urpean.com\/wp-content\/uploads\/2014\/04\/medes_acc-300x177.jpg 300w\" sizes=\"auto, (max-width: 600px) 100vw, 600px\" \/><\/a><\/p>\n","protected":false},"excerpt":{"rendered":"<p>Depuis plusieurs ann\u00e9es, certains membre d&rsquo;URPEAN se \u00ab\u00a0d\u00e9localisent\u00a0\u00bb et vont plonger \u00e0 Estartit. Si cela vous interr\u00e9sse, voici les conditions de cette sortie: D\u00e9part Jeudi 3 Juillet vers 14h00 Vendredi 4, Samedi 5 et Diamche 6\/7 : 2 plong\u00e9es par jour (9h00 et 15h00) Lundi 7\/7 2 plong\u00e9es le matin (9h et 11h), repas, puis&#8230;<\/p>\n","protected":false},"author":5,"featured_media":0,"comment_status":"open","ping_status":"open","sticky":false,"template":"","format":"standard","meta":{"_crdt_document":"","ngg_post_thumbnail":0,"footnotes":""},"categories":[5],"tags":[],"class_list":["post-3794","post","type-post","status-publish","format-standard","hentry","category-vie-du-club"],"views":2069,"_links":{"self":[{"href":"https:\/\/www.urpean.com\/index.php?rest_route=\/wp\/v2\/posts\/3794","targetHints":{"allow":["GET"]}}],"collection":[{"href":"https:\/\/www.urpean.com\/index.php?rest_route=\/wp\/v2\/posts"}],"about":[{"href":"https:\/\/www.urpean.com\/index.php?rest_route=\/wp\/v2\/types\/post"}],"author":[{"embeddable":true,"href":"https:\/\/www.urpean.com\/index.php?rest_route=\/wp\/v2\/users\/5"}],"replies":[{"embeddable":true,"href":"https:\/\/www.urpean.com\/index.php?rest_route=%2Fwp%2Fv2%2Fcomments&post=3794"}],"version-history":[{"count":2,"href":"https:\/\/www.urpean.com\/index.php?rest_route=\/wp\/v2\/posts\/3794\/revisions"}],"predecessor-version":[{"id":3797,"href":"https:\/\/www.urpean.com\/index.php?rest_route=\/wp\/v2\/posts\/3794\/revisions\/3797"}],"wp:attachment":[{"href":"https:\/\/www.urpean.com\/index.php?rest_route=%2Fwp%2Fv2%2Fmedia&parent=3794"}],"wp:term":[{"taxonomy":"category","embeddable":true,"href":"https:\/\/www.urpean.com\/index.php?rest_route=%2Fwp%2Fv2%2Fcategories&post=3794"},{"taxonomy":"post_tag","embeddable":true,"href":"https:\/\/www.urpean.com\/index.php?rest_route=%2Fwp%2Fv2%2Ftags&post=3794"}],"curies":[{"name":"wp","href":"https:\/\/api.w.org\/{rel}","templated":true}]}}