{"id":3987,"date":"2014-06-30T12:06:17","date_gmt":"2014-06-30T11:06:17","guid":{"rendered":"http:\/\/www.urpean.com\/?p=3987"},"modified":"2014-06-30T12:06:17","modified_gmt":"2014-06-30T11:06:17","slug":"soiree-de-remise-des-diplomes-ceux-qui-y-etaient","status":"publish","type":"post","link":"https:\/\/www.urpean.com\/?p=3987","title":{"rendered":"Soir\u00e9e de Remise des dipl\u00f4mes : ceux qui y \u00e9taient"},"content":{"rendered":"<p><a href=\"http:\/\/www.urpean.com\/wp-content\/uploads\/2014\/06\/detente-juin-2014.jpg\"><img loading=\"lazy\" decoding=\"async\" class=\"alignnone size-thumbnail wp-image-3988\" alt=\"detente juin 2014\" src=\"http:\/\/www.urpean.com\/wp-content\/uploads\/2014\/06\/detente-juin-2014-150x150.jpg\" width=\"150\" height=\"150\" \/><\/a> <a href=\"http:\/\/www.urpean.com\/wp-content\/uploads\/2014\/06\/Soir\u00e9e-Remise-de-dipl\u00f4mesSite.jpg\"><img loading=\"lazy\" decoding=\"async\" class=\"alignnone size-thumbnail wp-image-3989\" alt=\"Soir\u00e9e Remise de dipl\u00f4mesSite\" src=\"http:\/\/www.urpean.com\/wp-content\/uploads\/2014\/06\/Soir\u00e9e-Remise-de-dipl\u00f4mesSite-150x150.jpg\" width=\"150\" height=\"150\" \/><\/a>\u00a0Et c&rsquo;est pas fini ! Rendez-vous \u00e0 l&rsquo;AG2014 pour la prochaine \u00ab\u00a0Honnour Session\u00a0\u00bb &#8230;<\/p>\n<p>A suivre&#8230;<\/p>\n<p>Dans cette attente, un grand coup de chapeau \u00e0<\/p>\n<p>&#8211; celui qui s&rsquo;est occup\u00e9 de la logistique<\/p>\n<p>&#8211; les formateurs et encadrants<\/p>\n<p>&#8211; les accompagnateurs, concubins, conjoints des form\u00e9s et des \u00e9quipes de permanences<\/p>\n<p>&#8211; l&rsquo;imprimerie \u00ab\u00a0DechezMoi.net\u00a0\u00bb, pour la r\u00e9alisation des dipl\u00f4mes internes<\/p>\n","protected":false},"excerpt":{"rendered":"<p>\u00a0Et c&rsquo;est pas fini ! Rendez-vous \u00e0 l&rsquo;AG2014 pour la prochaine \u00ab\u00a0Honnour Session\u00a0\u00bb &#8230; A suivre&#8230; Dans cette attente, un grand coup de chapeau \u00e0 &#8211; celui qui s&rsquo;est occup\u00e9 de la logistique &#8211; les formateurs et encadrants &#8211; les accompagnateurs, concubins, conjoints des form\u00e9s et des \u00e9quipes de permanences &#8211; l&rsquo;imprimerie \u00ab\u00a0DechezMoi.net\u00a0\u00bb, pour la&#8230;<\/p>\n","protected":false},"author":2,"featured_media":0,"comment_status":"open","ping_status":"open","sticky":false,"template":"","format":"standard","meta":{"_crdt_document":"","ngg_post_thumbnail":0,"footnotes":""},"categories":[1],"tags":[],"class_list":["post-3987","post","type-post","status-publish","format-standard","hentry","category-non-classe"],"views":2156,"_links":{"self":[{"href":"https:\/\/www.urpean.com\/index.php?rest_route=\/wp\/v2\/posts\/3987","targetHints":{"allow":["GET"]}}],"collection":[{"href":"https:\/\/www.urpean.com\/index.php?rest_route=\/wp\/v2\/posts"}],"about":[{"href":"https:\/\/www.urpean.com\/index.php?rest_route=\/wp\/v2\/types\/post"}],"author":[{"embeddable":true,"href":"https:\/\/www.urpean.com\/index.php?rest_route=\/wp\/v2\/users\/2"}],"replies":[{"embeddable":true,"href":"https:\/\/www.urpean.com\/index.php?rest_route=%2Fwp%2Fv2%2Fcomments&post=3987"}],"version-history":[{"count":2,"href":"https:\/\/www.urpean.com\/index.php?rest_route=\/wp\/v2\/posts\/3987\/revisions"}],"predecessor-version":[{"id":3992,"href":"https:\/\/www.urpean.com\/index.php?rest_route=\/wp\/v2\/posts\/3987\/revisions\/3992"}],"wp:attachment":[{"href":"https:\/\/www.urpean.com\/index.php?rest_route=%2Fwp%2Fv2%2Fmedia&parent=3987"}],"wp:term":[{"taxonomy":"category","embeddable":true,"href":"https:\/\/www.urpean.com\/index.php?rest_route=%2Fwp%2Fv2%2Fcategories&post=3987"},{"taxonomy":"post_tag","embeddable":true,"href":"https:\/\/www.urpean.com\/index.php?rest_route=%2Fwp%2Fv2%2Ftags&post=3987"}],"curies":[{"name":"wp","href":"https:\/\/api.w.org\/{rel}","templated":true}]}}