{"id":4022,"date":"2014-08-06T23:18:59","date_gmt":"2014-08-06T22:18:59","guid":{"rendered":"http:\/\/www.urpean.com\/?p=4022"},"modified":"2014-08-06T23:18:59","modified_gmt":"2014-08-06T22:18:59","slug":"plongee-de-nuit-annulee-krakade-prevue-mardi-soir-repas-de-fin-de-saison","status":"publish","type":"post","link":"https:\/\/www.urpean.com\/?p=4022","title":{"rendered":"Plong\u00e9e de nuit annul\u00e9e :( &#8211; krakade pr\u00e9vue mardi soir :) &#8211; Repas de fin de saison"},"content":{"rendered":"<p><strong><span style=\"color: #800080\">Jeudi 7 aout 2014<\/span> <\/strong>: Nous sommes au regret de vous annoncer l&rsquo;annulation de la plong\u00e9e de nuit programm\u00e9e ce jeudi 7 aout .<\/p>\n<p>En cause, une pi\u00e8ce du moteur d\u00e9fectueuse, qui nous oblige \u00e0 naviguer sur de courtes distances et dur\u00e9e en attendant son remplacement. La pi\u00e8ce est command\u00e9e, nous souhaitons assurer le maximum de prestations dans des conditions acceptables. Le sorties du matin et de l&rsquo;apr\u00e8s midi sont toutefois maintenues, sous haute surveillance.<\/p>\n<p><strong><span style=\"color: #008000\">Mardi 12 aout 2014<\/span> <\/strong>: Si tout va bien : <strong>Krakade apr\u00e8s plong\u00e9e de 18h ! <\/strong>Pour ceux qui ne plongent pas, RDV vers 20h30 au club. Participation estim\u00e9e \u00e0 moins de 10 euros. C&rsquo;est encore Ramon et Mitch qui r\u00e9galent ! Aupa \u00a0Eux!<\/p>\n<p><strong><span style=\"color: #3366ff\">Vendredi 29 aout 2014 :<\/span><\/strong> <strong>Repas de fin de saison<\/strong>. Pour remercier les moniteurs et aide-surface de l&rsquo;\u00e9t\u00e9, pour passer un moment entre soci\u00e9taires locaux et d\u00e9localis\u00e9s (Un grand bonjour \u00e0 ceux qui ne sont pas encore venus, et \u00e0 ceux qui ne pourront pas venir car ils pr\u00e9f\u00e8rent le camping \ud83d\ude09 !!) , le repas de fin de saison est a r\u00e9server aupr\u00e8s de Bixente Telletx\u00a0(Bi ch\u00eane Th\u00e9)\u00a0: \u00a006 13 45 46 14 ou b.telletx@gmail.com. Pour le tarif, on essaye de rester autour de 20 euros par personne. Si on n&rsquo;y arrive pas &#8230; on enl\u00e8vera le dessert !<\/p>\n<p>Merci de votre attention et de votre compr\u00e9hension. Le contenu du texte est r\u00e9alis\u00e9 par le bureau, les couleurs sont \u00e0 l&rsquo;initiative de votre r\u00e9dactrice.<\/p>\n","protected":false},"excerpt":{"rendered":"<p>Jeudi 7 aout 2014 : Nous sommes au regret de vous annoncer l&rsquo;annulation de la plong\u00e9e de nuit programm\u00e9e ce jeudi 7 aout . En cause, une pi\u00e8ce du moteur d\u00e9fectueuse, qui nous oblige \u00e0 naviguer sur de courtes distances et dur\u00e9e en attendant son remplacement. La pi\u00e8ce est command\u00e9e, nous souhaitons assurer le maximum&#8230;<\/p>\n","protected":false},"author":2,"featured_media":0,"comment_status":"open","ping_status":"open","sticky":false,"template":"","format":"standard","meta":{"_crdt_document":"","ngg_post_thumbnail":0,"footnotes":""},"categories":[1],"tags":[],"class_list":["post-4022","post","type-post","status-publish","format-standard","hentry","category-non-classe"],"views":2558,"_links":{"self":[{"href":"https:\/\/www.urpean.com\/index.php?rest_route=\/wp\/v2\/posts\/4022","targetHints":{"allow":["GET"]}}],"collection":[{"href":"https:\/\/www.urpean.com\/index.php?rest_route=\/wp\/v2\/posts"}],"about":[{"href":"https:\/\/www.urpean.com\/index.php?rest_route=\/wp\/v2\/types\/post"}],"author":[{"embeddable":true,"href":"https:\/\/www.urpean.com\/index.php?rest_route=\/wp\/v2\/users\/2"}],"replies":[{"embeddable":true,"href":"https:\/\/www.urpean.com\/index.php?rest_route=%2Fwp%2Fv2%2Fcomments&post=4022"}],"version-history":[{"count":2,"href":"https:\/\/www.urpean.com\/index.php?rest_route=\/wp\/v2\/posts\/4022\/revisions"}],"predecessor-version":[{"id":4024,"href":"https:\/\/www.urpean.com\/index.php?rest_route=\/wp\/v2\/posts\/4022\/revisions\/4024"}],"wp:attachment":[{"href":"https:\/\/www.urpean.com\/index.php?rest_route=%2Fwp%2Fv2%2Fmedia&parent=4022"}],"wp:term":[{"taxonomy":"category","embeddable":true,"href":"https:\/\/www.urpean.com\/index.php?rest_route=%2Fwp%2Fv2%2Fcategories&post=4022"},{"taxonomy":"post_tag","embeddable":true,"href":"https:\/\/www.urpean.com\/index.php?rest_route=%2Fwp%2Fv2%2Ftags&post=4022"}],"curies":[{"name":"wp","href":"https:\/\/api.w.org\/{rel}","templated":true}]}}