{"id":4341,"date":"2015-01-20T19:12:24","date_gmt":"2015-01-20T18:12:24","guid":{"rendered":"http:\/\/www.urpean.com\/?p=4341"},"modified":"2015-01-20T19:12:24","modified_gmt":"2015-01-20T18:12:24","slug":"competition-diaporama","status":"publish","type":"post","link":"https:\/\/www.urpean.com\/?p=4341","title":{"rendered":"Comp\u00e9tition diaporama."},"content":{"rendered":"<p>Le 17 janvier 2015 a eu lieu \u00e0 St Paul les Dax le 17\u00b0 troph\u00e9e vid\u00e9o subaquatique du CIALPC.<\/p>\n<p>Pour la 2\u00b0 ann\u00e9e cons\u00e9cutive Olivier et moi-m\u00eame avons pr\u00e9sent\u00e9 des diaporamas.<\/p>\n<p>&#8211; \u00ab\u00a0El Bajon\u00a0\u00bb termine 3\u00b0,<\/p>\n<p>&#8211; \u00ab\u00a0Les ailes de la c\u00f4te Basque\u00a0\u00bb termine 4\u00b0 et d\u00e9croche le \u00ab\u00a0prix sp\u00e9cial nature et biodiversit\u00e9\u00a0\u00bb.<\/p>\n<p>Nous remercions nos mod\u00e8les; Constance, Katia et Jean-Fran\u00e7ois.<\/p>\n<p>Eric.<\/p>\n<p>Les liens pour visionner les diaporamas:<\/p>\n<p><a href=\"http:\/\/vimeo.com\/117106077\">http:\/\/vimeo.com\/117106077<\/a><\/p>\n<p><a href=\"https:\/\/vimeo.com\/115323518\">https:\/\/vimeo.com\/115323518<\/a><\/p>\n","protected":false},"excerpt":{"rendered":"<p>Le 17 janvier 2015 a eu lieu \u00e0 St Paul les Dax le 17\u00b0 troph\u00e9e vid\u00e9o subaquatique du CIALPC. Pour la 2\u00b0 ann\u00e9e cons\u00e9cutive Olivier et moi-m\u00eame avons pr\u00e9sent\u00e9 des diaporamas. &#8211; \u00ab\u00a0El Bajon\u00a0\u00bb termine 3\u00b0, &#8211; \u00ab\u00a0Les ailes de la c\u00f4te Basque\u00a0\u00bb termine 4\u00b0 et d\u00e9croche le \u00ab\u00a0prix sp\u00e9cial nature et biodiversit\u00e9\u00a0\u00bb. Nous remercions&#8230;<\/p>\n","protected":false},"author":6,"featured_media":0,"comment_status":"open","ping_status":"open","sticky":false,"template":"","format":"standard","meta":{"_crdt_document":"","ngg_post_thumbnail":0,"footnotes":""},"categories":[7],"tags":[],"class_list":["post-4341","post","type-post","status-publish","format-standard","hentry","category-photo-ss-marine"],"views":2255,"_links":{"self":[{"href":"https:\/\/www.urpean.com\/index.php?rest_route=\/wp\/v2\/posts\/4341","targetHints":{"allow":["GET"]}}],"collection":[{"href":"https:\/\/www.urpean.com\/index.php?rest_route=\/wp\/v2\/posts"}],"about":[{"href":"https:\/\/www.urpean.com\/index.php?rest_route=\/wp\/v2\/types\/post"}],"author":[{"embeddable":true,"href":"https:\/\/www.urpean.com\/index.php?rest_route=\/wp\/v2\/users\/6"}],"replies":[{"embeddable":true,"href":"https:\/\/www.urpean.com\/index.php?rest_route=%2Fwp%2Fv2%2Fcomments&post=4341"}],"version-history":[{"count":1,"href":"https:\/\/www.urpean.com\/index.php?rest_route=\/wp\/v2\/posts\/4341\/revisions"}],"predecessor-version":[{"id":4342,"href":"https:\/\/www.urpean.com\/index.php?rest_route=\/wp\/v2\/posts\/4341\/revisions\/4342"}],"wp:attachment":[{"href":"https:\/\/www.urpean.com\/index.php?rest_route=%2Fwp%2Fv2%2Fmedia&parent=4341"}],"wp:term":[{"taxonomy":"category","embeddable":true,"href":"https:\/\/www.urpean.com\/index.php?rest_route=%2Fwp%2Fv2%2Fcategories&post=4341"},{"taxonomy":"post_tag","embeddable":true,"href":"https:\/\/www.urpean.com\/index.php?rest_route=%2Fwp%2Fv2%2Ftags&post=4341"}],"curies":[{"name":"wp","href":"https:\/\/api.w.org\/{rel}","templated":true}]}}