{"id":4473,"date":"2015-04-13T15:38:33","date_gmt":"2015-04-13T14:38:33","guid":{"rendered":"http:\/\/www.urpean.com\/?p=4473"},"modified":"2015-04-13T15:39:10","modified_gmt":"2015-04-13T14:39:10","slug":"la-sortie-de-samedi-apres-midi-18-avril-est-remplacee-par-une-sortie-au-cap-biosnar","status":"publish","type":"post","link":"https:\/\/www.urpean.com\/?p=4473","title":{"rendered":"La sortie de samedi apr\u00e8s midi 18 avril est remplac\u00e9e par une sortie au cap Biosnar"},"content":{"rendered":"<p>Samedi en fin d\u2019apr\u00e8s midi, 18 avril les coefficients de mar\u00e9e sont favorables \u00e0 la rencontre des raies brunettes, la mar\u00e9e haute est \u00e0 partir de 17h12.<\/p>\n<p>Eric organise cette plong\u00e9e avec l\u2019aval de KTY.<\/p>\n<p>Le rendez vous est donc fix\u00e9 au club \u00e0 15H30 pour un d\u00e9part bateau \u00e0 16H15 de mani\u00e8re \u00e0 \u00eatre sur place \u00e0 mar\u00e9e haute.<\/p>\n<p>La plong\u00e9e est ouverte \u00e0 tous les niveaux sous r\u00e9serve d\u2019avoir suffisamment d\u2019encadrants pour les N1.<\/p>\n<p><strong>La plong\u00e9e habituelle du samedi apr\u00e8s midi est donc supprim\u00e9e<\/strong><\/p>\n<p>Le Bureau<\/p>\n<p><a href=\"http:\/\/www.urpean.com\/wp-content\/uploads\/2015\/04\/2013-06-14_CAP_BIOSNAR-14-16.17.30.jpg\"><img loading=\"lazy\" decoding=\"async\" class=\"aligncenter size-large wp-image-4474\" src=\"http:\/\/www.urpean.com\/wp-content\/uploads\/2015\/04\/2013-06-14_CAP_BIOSNAR-14-16.17.30-644x428.jpg\" alt=\"2013-06-14_CAP_BIOSNAR-14 16.17.30\" width=\"644\" height=\"428\" srcset=\"https:\/\/www.urpean.com\/wp-content\/uploads\/2015\/04\/2013-06-14_CAP_BIOSNAR-14-16.17.30-644x428.jpg 644w, https:\/\/www.urpean.com\/wp-content\/uploads\/2015\/04\/2013-06-14_CAP_BIOSNAR-14-16.17.30-300x199.jpg 300w, https:\/\/www.urpean.com\/wp-content\/uploads\/2015\/04\/2013-06-14_CAP_BIOSNAR-14-16.17.30-900x598.jpg 900w, https:\/\/www.urpean.com\/wp-content\/uploads\/2015\/04\/2013-06-14_CAP_BIOSNAR-14-16.17.30.jpg 1200w\" sizes=\"auto, (max-width: 644px) 100vw, 644px\" \/><\/a><\/p>\n","protected":false},"excerpt":{"rendered":"<p>Samedi en fin d\u2019apr\u00e8s midi, 18 avril les coefficients de mar\u00e9e sont favorables \u00e0 la rencontre des raies brunettes, la mar\u00e9e haute est \u00e0 partir de 17h12. Eric organise cette plong\u00e9e avec l\u2019aval de KTY. Le rendez vous est donc fix\u00e9 au club \u00e0 15H30 pour un d\u00e9part bateau \u00e0 16H15 de mani\u00e8re \u00e0 \u00eatre&#8230;<\/p>\n","protected":false},"author":3,"featured_media":0,"comment_status":"open","ping_status":"open","sticky":false,"template":"","format":"standard","meta":{"_crdt_document":"","ngg_post_thumbnail":0,"footnotes":""},"categories":[6,5],"tags":[],"class_list":["post-4473","post","type-post","status-publish","format-standard","hentry","category-agenda","category-vie-du-club"],"views":1948,"_links":{"self":[{"href":"https:\/\/www.urpean.com\/index.php?rest_route=\/wp\/v2\/posts\/4473","targetHints":{"allow":["GET"]}}],"collection":[{"href":"https:\/\/www.urpean.com\/index.php?rest_route=\/wp\/v2\/posts"}],"about":[{"href":"https:\/\/www.urpean.com\/index.php?rest_route=\/wp\/v2\/types\/post"}],"author":[{"embeddable":true,"href":"https:\/\/www.urpean.com\/index.php?rest_route=\/wp\/v2\/users\/3"}],"replies":[{"embeddable":true,"href":"https:\/\/www.urpean.com\/index.php?rest_route=%2Fwp%2Fv2%2Fcomments&post=4473"}],"version-history":[{"count":2,"href":"https:\/\/www.urpean.com\/index.php?rest_route=\/wp\/v2\/posts\/4473\/revisions"}],"predecessor-version":[{"id":4476,"href":"https:\/\/www.urpean.com\/index.php?rest_route=\/wp\/v2\/posts\/4473\/revisions\/4476"}],"wp:attachment":[{"href":"https:\/\/www.urpean.com\/index.php?rest_route=%2Fwp%2Fv2%2Fmedia&parent=4473"}],"wp:term":[{"taxonomy":"category","embeddable":true,"href":"https:\/\/www.urpean.com\/index.php?rest_route=%2Fwp%2Fv2%2Fcategories&post=4473"},{"taxonomy":"post_tag","embeddable":true,"href":"https:\/\/www.urpean.com\/index.php?rest_route=%2Fwp%2Fv2%2Ftags&post=4473"}],"curies":[{"name":"wp","href":"https:\/\/api.w.org\/{rel}","templated":true}]}}