{"id":456,"date":"2009-05-11T12:52:19","date_gmt":"2009-05-11T11:52:19","guid":{"rendered":"http:\/\/www.urpean.com\/?p=456"},"modified":"2009-05-11T12:52:19","modified_gmt":"2009-05-11T11:52:19","slug":"40eme-edition-de-la-descente-internationale-de-la-bidassoa","status":"publish","type":"post","link":"https:\/\/www.urpean.com\/?p=456","title":{"rendered":"40\u00e8me \u00e9dition de la Descente Internationale de la Bidassoa"},"content":{"rendered":"<p style=\"margin: 0cm 0cm 0pt;\"><a href=\"http:\/\/www.urpean.com\/?page_id=11&amp;album=4&amp;gallery=92\"><img loading=\"lazy\" decoding=\"async\" class=\"ngg-singlepic ngg-none alignleft\" style=\"border: 1px solid black; margin: 2px 5px;\" src=\"http:\/\/www.urpean.com\/wp-content\/gallery\/2009-05-01_descente-bidassoa\/thumbs\/thumbs_20090505-2009-05-01_BIDASSOA (38).jpg\" alt=\"20090505-2009-05-01_BIDASSOA (38).jpg\" width=\"100\" height=\"75\" \/><\/a>Le vendredi 1er mai a eu lieu la 40\u00e8me \u00e9dition de la Descente Internationale de la Bidassoa.<\/p>\n<p style=\"margin: 0cm 0cm 0pt;\">\n<p style=\"margin: 0cm 0cm 0pt;\">Cette comp\u00e9tition attire toujours de tr\u00e8s nombreux nageurs venus chercher un cadre et une ambiance particuli\u00e8re. Deux \u00e9preuves au menu 14 kms ou 7 kms dans de bonnes conditions m\u00e9t\u00e9orologiques et une temp\u00e9rature d\u2019eau assez fra\u00eeche aux dires de certains mais qui n\u2019a pas frein\u00e9 l\u2019ardeur des 78 participants venus des deux c\u00f4t\u00e9s de la fronti\u00e8re.<\/p>\n<p style=\"margin: 0cm 0cm 0pt;\">\n<p style=\"margin: 0cm 0cm 0pt;\">Pour immortaliser cet instant vous trouverez ci-joint quelques photos qui prouvent bien que l\u2019on peut cumuler l\u2019esprit de comp\u00e9tition avec la bonne humeur.<\/p>\n<p style=\"margin: 0cm 0cm 0pt;\">\n<p style=\"margin: 0cm 0cm 0pt;\">Au fait\u00a0! tout le monde s\u2019est donn\u00e9 rendez-vous pour l\u2019ann\u00e9e prochaine, alors ne ratez pas cette date et faites chauffer vos palmes\u2026<\/p>\n<p style=\"margin: 0cm 0cm 0pt;\">\n<p style=\"margin: 0cm 0cm 0pt;\">Jacky<\/p>\n","protected":false},"excerpt":{"rendered":"<p>Le vendredi 1er mai a eu lieu la 40\u00e8me \u00e9dition de la Descente Internationale de la Bidassoa. Cette comp\u00e9tition attire toujours de tr\u00e8s nombreux nageurs venus chercher un cadre et une ambiance particuli\u00e8re. Deux \u00e9preuves au menu 14 kms ou 7 kms dans de bonnes conditions m\u00e9t\u00e9orologiques et une temp\u00e9rature d\u2019eau assez fra\u00eeche aux dires&#8230;<\/p>\n","protected":false},"author":4,"featured_media":0,"comment_status":"open","ping_status":"open","sticky":false,"template":"","format":"standard","meta":{"_crdt_document":"","ngg_post_thumbnail":0,"footnotes":""},"categories":[5],"tags":[],"class_list":["post-456","post","type-post","status-publish","format-standard","hentry","category-vie-du-club"],"views":2085,"_links":{"self":[{"href":"https:\/\/www.urpean.com\/index.php?rest_route=\/wp\/v2\/posts\/456","targetHints":{"allow":["GET"]}}],"collection":[{"href":"https:\/\/www.urpean.com\/index.php?rest_route=\/wp\/v2\/posts"}],"about":[{"href":"https:\/\/www.urpean.com\/index.php?rest_route=\/wp\/v2\/types\/post"}],"author":[{"embeddable":true,"href":"https:\/\/www.urpean.com\/index.php?rest_route=\/wp\/v2\/users\/4"}],"replies":[{"embeddable":true,"href":"https:\/\/www.urpean.com\/index.php?rest_route=%2Fwp%2Fv2%2Fcomments&post=456"}],"version-history":[{"count":0,"href":"https:\/\/www.urpean.com\/index.php?rest_route=\/wp\/v2\/posts\/456\/revisions"}],"wp:attachment":[{"href":"https:\/\/www.urpean.com\/index.php?rest_route=%2Fwp%2Fv2%2Fmedia&parent=456"}],"wp:term":[{"taxonomy":"category","embeddable":true,"href":"https:\/\/www.urpean.com\/index.php?rest_route=%2Fwp%2Fv2%2Fcategories&post=456"},{"taxonomy":"post_tag","embeddable":true,"href":"https:\/\/www.urpean.com\/index.php?rest_route=%2Fwp%2Fv2%2Ftags&post=456"}],"curies":[{"name":"wp","href":"https:\/\/api.w.org\/{rel}","templated":true}]}}