{"id":466,"date":"2009-05-12T19:34:01","date_gmt":"2009-05-12T18:34:01","guid":{"rendered":"http:\/\/www.urpean.com\/?p=466"},"modified":"2009-05-12T19:34:01","modified_gmt":"2009-05-12T18:34:01","slug":"premiere-bulles-pour-nos-niveaux-1","status":"publish","type":"post","link":"https:\/\/www.urpean.com\/?p=466","title":{"rendered":"Premi\u00e8re bulles pour nos niveaux 1"},"content":{"rendered":"<p><a href=\"http:\/\/www.urpean.com\/?page_id=11&amp;album=6&amp;gallery=91\"><img loading=\"lazy\" decoding=\"async\" class=\"ngg-singlepic ngg-left alignleft\" style=\"border: 1px solid black; margin: 2px 5px;\" src=\"http:\/\/www.urpean.com\/wp-content\/gallery\/2009-05-03_premieres-mer\/thumbs\/thumbs_2009-05-03_URPEAN (12).jpg\" alt=\"2009-05-03_URPEAN (12).jpg\" width=\"100\" height=\"75\" \/><\/a>Le 3 mai ont eu lieu les premi\u00e8res bulles de nos nouveaux soci\u00e9taires.<\/p>\n<p style=\"text-align: justify;\">Chouchout\u00e9s par Cathy, Daniel, Philippe, Mikel, Michel, Constance et Tony, nos futurs N1 ont pu prendre contact avec l&rsquo;Oc\u00e9an Atlantique,<\/p>\n<p style=\"text-align: justify;\">Le moins que l&rsquo;on puisse dire, c&rsquo;est que les conditions de plong\u00e9es \u00e9taient loin d&rsquo;\u00eatre id\u00e9ales. Mais la houle, le froid, la visibilit\u00e9 nulle ne les ont pas d\u00e9courag\u00e9s.<\/p>\n<p style=\"text-align: justify;\">Bien au contraire, Coco, Sophie, Isabelle, M\u00e9lodie, Elsa, Axel, Louis, Lucas, Tom et Kevin sont tous ressortis de l&rsquo;eau, souriants et pr\u00eat \u00e0 recommencer; un bon cru donc!<\/p>\n<p style=\"text-align: justify;\">Nous leurs souhaitons beaucoup de plaisir dans cette nouvelle activit\u00e9 et \u00e0 Urpean.<\/p>\n<p style=\"text-align: justify;\">\n<p style=\"text-align: justify;\">Jacky<\/p>\n<p style=\"text-align: justify;\">\u00a0<\/p>\n","protected":false},"excerpt":{"rendered":"<p>Le 3 mai ont eu lieu les premi\u00e8res bulles de nos nouveaux soci\u00e9taires. Chouchout\u00e9s par Cathy, Daniel, Philippe, Mikel, Michel, Constance et Tony, nos futurs N1 ont pu prendre contact avec l&rsquo;Oc\u00e9an Atlantique, Le moins que l&rsquo;on puisse dire, c&rsquo;est que les conditions de plong\u00e9es \u00e9taient loin d&rsquo;\u00eatre id\u00e9ales. Mais la houle, le froid, la&#8230;<\/p>\n","protected":false},"author":6,"featured_media":0,"comment_status":"open","ping_status":"open","sticky":false,"template":"","format":"standard","meta":{"_crdt_document":"","ngg_post_thumbnail":0,"footnotes":""},"categories":[3,5],"tags":[],"class_list":["post-466","post","type-post","status-publish","format-standard","hentry","category-commission-technique","category-vie-du-club"],"views":2106,"_links":{"self":[{"href":"https:\/\/www.urpean.com\/index.php?rest_route=\/wp\/v2\/posts\/466","targetHints":{"allow":["GET"]}}],"collection":[{"href":"https:\/\/www.urpean.com\/index.php?rest_route=\/wp\/v2\/posts"}],"about":[{"href":"https:\/\/www.urpean.com\/index.php?rest_route=\/wp\/v2\/types\/post"}],"author":[{"embeddable":true,"href":"https:\/\/www.urpean.com\/index.php?rest_route=\/wp\/v2\/users\/6"}],"replies":[{"embeddable":true,"href":"https:\/\/www.urpean.com\/index.php?rest_route=%2Fwp%2Fv2%2Fcomments&post=466"}],"version-history":[{"count":0,"href":"https:\/\/www.urpean.com\/index.php?rest_route=\/wp\/v2\/posts\/466\/revisions"}],"wp:attachment":[{"href":"https:\/\/www.urpean.com\/index.php?rest_route=%2Fwp%2Fv2%2Fmedia&parent=466"}],"wp:term":[{"taxonomy":"category","embeddable":true,"href":"https:\/\/www.urpean.com\/index.php?rest_route=%2Fwp%2Fv2%2Fcategories&post=466"},{"taxonomy":"post_tag","embeddable":true,"href":"https:\/\/www.urpean.com\/index.php?rest_route=%2Fwp%2Fv2%2Ftags&post=466"}],"curies":[{"name":"wp","href":"https:\/\/api.w.org\/{rel}","templated":true}]}}