{"id":4848,"date":"2015-11-22T10:07:31","date_gmt":"2015-11-22T09:07:31","guid":{"rendered":"http:\/\/www.urpean.com\/?p=4848"},"modified":"2015-11-22T10:07:31","modified_gmt":"2015-11-22T09:07:31","slug":"diner-apres-lassemblee-generale-du-samedi-12-decembre-2015","status":"publish","type":"post","link":"https:\/\/www.urpean.com\/?p=4848","title":{"rendered":"Diner apr\u00e8s l\u2019assembl\u00e9e g\u00e9n\u00e9rale du samedi 12 d\u00e9cembre 2015"},"content":{"rendered":"<p>Les r\u00e9servations sont \u00e0 effectuer aupr\u00e8s de Bixente au\u00a0:\u00a006 13 45 46 14\u00a0ou par mail \u00e0 l&rsquo;adresse suivante : <u><a href=\"mailto:b.telletx@gmail.com\">b.telletx@gmail.com<\/a><\/u>\u00a0 jusqu\u2019au 4\/12 avec versement de 10 \u20ac.<\/p>\n<p>Le co\u00fbt du repas est de 22 \u20ac (vin compris) qui sera compos\u00e9 :<\/p>\n<ul>\n<li>D\u2019un ap\u00e9ritif,<\/li>\n<li>D\u2019une entr\u00e9e\u00a0: Salade landaise (tomates, asperges, magrets fum\u00e9s, g\u00e9siers, pignons, foie ),<\/li>\n<li>D\u2019un plat\u00a0: Merlu basquaise et ses patates cuites a l\u2019\u00e9touff\u00e9es,<\/li>\n<li>D\u2019un fromage\u00a0: Ardi gasna et sa confiture de figues,<\/li>\n<li>D\u2019un dessert\u00a0: Tarte aux citrons.<\/li>\n<\/ul>\n<p>Le Comit\u00e9 Directeur<\/p>\n<p>&nbsp;<\/p>\n","protected":false},"excerpt":{"rendered":"<p>Les r\u00e9servations sont \u00e0 effectuer aupr\u00e8s de Bixente au\u00a0:\u00a006 13 45 46 14\u00a0ou par mail \u00e0 l&rsquo;adresse suivante : b.telletx@gmail.com\u00a0 jusqu\u2019au 4\/12 avec versement de 10 \u20ac. Le co\u00fbt du repas est de 22 \u20ac (vin compris) qui sera compos\u00e9 : D\u2019un ap\u00e9ritif, D\u2019une entr\u00e9e\u00a0: Salade landaise (tomates, asperges, magrets fum\u00e9s, g\u00e9siers, pignons, foie ),&#8230;<\/p>\n","protected":false},"author":3,"featured_media":0,"comment_status":"open","ping_status":"open","sticky":false,"template":"","format":"standard","meta":{"_crdt_document":"","ngg_post_thumbnail":0,"footnotes":""},"categories":[6,5],"tags":[],"class_list":["post-4848","post","type-post","status-publish","format-standard","hentry","category-agenda","category-vie-du-club"],"views":1783,"_links":{"self":[{"href":"https:\/\/www.urpean.com\/index.php?rest_route=\/wp\/v2\/posts\/4848","targetHints":{"allow":["GET"]}}],"collection":[{"href":"https:\/\/www.urpean.com\/index.php?rest_route=\/wp\/v2\/posts"}],"about":[{"href":"https:\/\/www.urpean.com\/index.php?rest_route=\/wp\/v2\/types\/post"}],"author":[{"embeddable":true,"href":"https:\/\/www.urpean.com\/index.php?rest_route=\/wp\/v2\/users\/3"}],"replies":[{"embeddable":true,"href":"https:\/\/www.urpean.com\/index.php?rest_route=%2Fwp%2Fv2%2Fcomments&post=4848"}],"version-history":[{"count":1,"href":"https:\/\/www.urpean.com\/index.php?rest_route=\/wp\/v2\/posts\/4848\/revisions"}],"predecessor-version":[{"id":4849,"href":"https:\/\/www.urpean.com\/index.php?rest_route=\/wp\/v2\/posts\/4848\/revisions\/4849"}],"wp:attachment":[{"href":"https:\/\/www.urpean.com\/index.php?rest_route=%2Fwp%2Fv2%2Fmedia&parent=4848"}],"wp:term":[{"taxonomy":"category","embeddable":true,"href":"https:\/\/www.urpean.com\/index.php?rest_route=%2Fwp%2Fv2%2Fcategories&post=4848"},{"taxonomy":"post_tag","embeddable":true,"href":"https:\/\/www.urpean.com\/index.php?rest_route=%2Fwp%2Fv2%2Ftags&post=4848"}],"curies":[{"name":"wp","href":"https:\/\/api.w.org\/{rel}","templated":true}]}}