{"id":4855,"date":"2015-11-23T19:51:10","date_gmt":"2015-11-23T18:51:10","guid":{"rendered":"http:\/\/www.urpean.com\/?p=4855"},"modified":"2015-11-23T19:51:10","modified_gmt":"2015-11-23T18:51:10","slug":"aire-marine-protegee-cote-basque","status":"publish","type":"post","link":"https:\/\/www.urpean.com\/?p=4855","title":{"rendered":"Aire marine prot\u00e9g\u00e9e c\u00f4te Basque."},"content":{"rendered":"<p><a href=\"http:\/\/www.urpean.com\/wp-content\/uploads\/2015\/11\/DSC0155.jpg\"><img loading=\"lazy\" decoding=\"async\" class=\"alignnone size-medium wp-image-4857\" src=\"http:\/\/www.urpean.com\/wp-content\/uploads\/2015\/11\/DSC0155-300x151.jpg\" alt=\"_DSC0155\" width=\"300\" height=\"151\" srcset=\"https:\/\/www.urpean.com\/wp-content\/uploads\/2015\/11\/DSC0155-300x151.jpg 300w, https:\/\/www.urpean.com\/wp-content\/uploads\/2015\/11\/DSC0155-644x325.jpg 644w, https:\/\/www.urpean.com\/wp-content\/uploads\/2015\/11\/DSC0155.jpg 799w\" sizes=\"auto, (max-width: 300px) 100vw, 300px\" \/><\/a><\/p>\n<p>Le 13 novembre 2015 a eu lieu, \u00e0 la communaut\u00e9 d\u2019agglom\u00e9ration sud pays Basque \u00e0 Urrugne, le dernier comit\u00e9 de pilotage pour la mise en place de l\u2019aire marine prot\u00e9g\u00e9e sur le littoral.<\/p>\n<p>Cette r\u00e9union vient cl\u00f4turer 3 ann\u00e9es d\u2019explications sur le projet qui sera mis en place d\u2019Hendaye \u00e0 Biarritz et les actions qui seront men\u00e9es pour l\u2019ensemble de la faune et de la flore sur cette zone.<\/p>\n<p>Le codep 64 qui y si\u00e8ge depuis le d\u00e9but, s\u2019est abstenu lors du vote pour la validation du document d\u2019objectifs.<\/p>\n<p>En effet, pour nous le\u00a0bon \u00e9tat \u00e9cologique qui est impos\u00e9 aux \u00e9tats membres d\u2019ici 2020 et le respect de la d\u00e9marche Natura 2000 mer et littoral\u00a0qui demande d\u2019assurer le <strong>maintien<\/strong> ou le <strong>r\u00e9tablissement<\/strong> de la faune et la flore marine ne seront pas respect\u00e9s !<\/p>\n<p>Nous avons fait la d\u00e9claration ci-dessous pour justifier notre vote.<\/p>\n<p>Lors de l\u2019AG du club le 12 d\u00e9cembre 2015 le sujet sera abord\u00e9 et d\u00e9velopp\u00e9 si vous le souhaitez.<\/p>\n<p><a href=\"http:\/\/www.urpean.com\/wp-content\/uploads\/2015\/11\/D\u00e9claration_plan_actions.docx\">D\u00e9claration_plan_actions<\/a><\/p>\n<p><a href=\"http:\/\/www.urpean.com\/wp-content\/uploads\/2015\/11\/DSC0106.jpg\"><img loading=\"lazy\" decoding=\"async\" class=\"alignnone size-medium wp-image-4861\" src=\"http:\/\/www.urpean.com\/wp-content\/uploads\/2015\/11\/DSC0106-300x199.jpg\" alt=\"_DSC0106\" width=\"300\" height=\"199\" srcset=\"https:\/\/www.urpean.com\/wp-content\/uploads\/2015\/11\/DSC0106-300x199.jpg 300w, https:\/\/www.urpean.com\/wp-content\/uploads\/2015\/11\/DSC0106-644x428.jpg 644w, https:\/\/www.urpean.com\/wp-content\/uploads\/2015\/11\/DSC0106.jpg 799w\" sizes=\"auto, (max-width: 300px) 100vw, 300px\" \/><\/a> <a href=\"http:\/\/www.urpean.com\/wp-content\/uploads\/2015\/11\/2008-07-26_LA-PLAGE-10.jpg\"><img loading=\"lazy\" decoding=\"async\" class=\"alignnone size-medium wp-image-4860\" src=\"http:\/\/www.urpean.com\/wp-content\/uploads\/2015\/11\/2008-07-26_LA-PLAGE-10-300x200.jpg\" alt=\"2008-07-26_LA PLAGE (10)\" width=\"300\" height=\"200\" srcset=\"https:\/\/www.urpean.com\/wp-content\/uploads\/2015\/11\/2008-07-26_LA-PLAGE-10-300x200.jpg 300w, https:\/\/www.urpean.com\/wp-content\/uploads\/2015\/11\/2008-07-26_LA-PLAGE-10-644x428.jpg 644w, https:\/\/www.urpean.com\/wp-content\/uploads\/2015\/11\/2008-07-26_LA-PLAGE-10.jpg 800w\" sizes=\"auto, (max-width: 300px) 100vw, 300px\" \/><\/a> <a href=\"http:\/\/www.urpean.com\/wp-content\/uploads\/2015\/11\/2013-09-24_CAP_FIGUIER-3.jpg\"><img loading=\"lazy\" decoding=\"async\" class=\"alignnone size-medium wp-image-4859\" src=\"http:\/\/www.urpean.com\/wp-content\/uploads\/2015\/11\/2013-09-24_CAP_FIGUIER-3-300x199.jpg\" alt=\"2013-09-24_CAP_FIGUIER-3\" width=\"300\" height=\"199\" srcset=\"https:\/\/www.urpean.com\/wp-content\/uploads\/2015\/11\/2013-09-24_CAP_FIGUIER-3-300x199.jpg 300w, https:\/\/www.urpean.com\/wp-content\/uploads\/2015\/11\/2013-09-24_CAP_FIGUIER-3-644x428.jpg 644w, https:\/\/www.urpean.com\/wp-content\/uploads\/2015\/11\/2013-09-24_CAP_FIGUIER-3.jpg 799w\" sizes=\"auto, (max-width: 300px) 100vw, 300px\" \/><\/a> <a href=\"http:\/\/www.urpean.com\/wp-content\/uploads\/2015\/11\/2012-05-10_HAICABIA-5.jpg\"><img loading=\"lazy\" decoding=\"async\" class=\"alignnone size-medium wp-image-4858\" src=\"http:\/\/www.urpean.com\/wp-content\/uploads\/2015\/11\/2012-05-10_HAICABIA-5-300x200.jpg\" alt=\"2012-05-10_HAICABIA-5\" width=\"300\" height=\"200\" srcset=\"https:\/\/www.urpean.com\/wp-content\/uploads\/2015\/11\/2012-05-10_HAICABIA-5-300x200.jpg 300w, https:\/\/www.urpean.com\/wp-content\/uploads\/2015\/11\/2012-05-10_HAICABIA-5-644x428.jpg 644w, https:\/\/www.urpean.com\/wp-content\/uploads\/2015\/11\/2012-05-10_HAICABIA-5.jpg 800w\" sizes=\"auto, (max-width: 300px) 100vw, 300px\" \/><\/a><\/p>\n","protected":false},"excerpt":{"rendered":"<p>Le 13 novembre 2015 a eu lieu, \u00e0 la communaut\u00e9 d\u2019agglom\u00e9ration sud pays Basque \u00e0 Urrugne, le dernier comit\u00e9 de pilotage pour la mise en place de l\u2019aire marine prot\u00e9g\u00e9e sur le littoral. Cette r\u00e9union vient cl\u00f4turer 3 ann\u00e9es d\u2019explications sur le projet qui sera mis en place d\u2019Hendaye \u00e0 Biarritz et les actions qui&#8230;<\/p>\n","protected":false},"author":6,"featured_media":0,"comment_status":"open","ping_status":"open","sticky":false,"template":"","format":"standard","meta":{"_crdt_document":"","ngg_post_thumbnail":0,"footnotes":""},"categories":[1],"tags":[],"class_list":["post-4855","post","type-post","status-publish","format-standard","hentry","category-non-classe"],"views":3464,"_links":{"self":[{"href":"https:\/\/www.urpean.com\/index.php?rest_route=\/wp\/v2\/posts\/4855","targetHints":{"allow":["GET"]}}],"collection":[{"href":"https:\/\/www.urpean.com\/index.php?rest_route=\/wp\/v2\/posts"}],"about":[{"href":"https:\/\/www.urpean.com\/index.php?rest_route=\/wp\/v2\/types\/post"}],"author":[{"embeddable":true,"href":"https:\/\/www.urpean.com\/index.php?rest_route=\/wp\/v2\/users\/6"}],"replies":[{"embeddable":true,"href":"https:\/\/www.urpean.com\/index.php?rest_route=%2Fwp%2Fv2%2Fcomments&post=4855"}],"version-history":[{"count":2,"href":"https:\/\/www.urpean.com\/index.php?rest_route=\/wp\/v2\/posts\/4855\/revisions"}],"predecessor-version":[{"id":4863,"href":"https:\/\/www.urpean.com\/index.php?rest_route=\/wp\/v2\/posts\/4855\/revisions\/4863"}],"wp:attachment":[{"href":"https:\/\/www.urpean.com\/index.php?rest_route=%2Fwp%2Fv2%2Fmedia&parent=4855"}],"wp:term":[{"taxonomy":"category","embeddable":true,"href":"https:\/\/www.urpean.com\/index.php?rest_route=%2Fwp%2Fv2%2Fcategories&post=4855"},{"taxonomy":"post_tag","embeddable":true,"href":"https:\/\/www.urpean.com\/index.php?rest_route=%2Fwp%2Fv2%2Ftags&post=4855"}],"curies":[{"name":"wp","href":"https:\/\/api.w.org\/{rel}","templated":true}]}}