{"id":5116,"date":"2016-04-11T16:07:07","date_gmt":"2016-04-11T15:07:07","guid":{"rendered":"http:\/\/www.urpean.com\/?p=5116"},"modified":"2016-04-11T16:07:55","modified_gmt":"2016-04-11T15:07:55","slug":"sortie-a-lestartit-du-jeudi-30-juin-2016-depart-vers-14h-au-dimanche-3-juillet-depart-vars-14h-pour-les-n2-minimum","status":"publish","type":"post","link":"https:\/\/www.urpean.com\/?p=5116","title":{"rendered":"Sortie \u00e0 l\u2019Estartit  du jeudi 30 juin 2016 (d\u00e9part vers 14H) au dimanche 3 juillet (d\u00e9part vers 14H) pour les N2 minimum."},"content":{"rendered":"<p>Benat Izaguirre (Membre du comit\u00e9 directeur du club) organise une sortie \u00e0 l\u2019Estartit sur la r\u00e9serve marine des iles M\u00e8des au large de L\u2019Estartit (Costa Brava).<\/p>\n<p>Ci dessous vous trouverez le planning ainsi que le cout de cette sortie\u00a0:<\/p>\n<p><strong><u>D\u00e9part le jeudi 30\/06 vers 14h00\u00a0:<\/u><\/strong><\/p>\n<p>Arriv\u00e9e \u00e0 l\u2019H\u00f4tel Panorama* vers 20h30<\/p>\n<p>Repas du soir\u00a0 \u00e0 l\u2019h\u00f4tel.<\/p>\n<p><strong><u>Vendredi 01\/07 et samedi 02\/07<\/u><\/strong><strong>\u00a0:<\/strong><\/p>\n<p>2 plong\u00e9es par jour \u00a0(1 le matin et 1 l\u2019apr\u00e8s midi)<\/p>\n<p>le centre de plong\u00e9e est dans l\u2019h\u00f4tel<\/p>\n<p><strong><u>Dimanche 03\/07<\/u><\/strong><strong>\u00a0:<\/strong><\/p>\n<p>2 plong\u00e9es le matin<\/p>\n<p>Repas de midi\u00a0 \u00e0 l\u2019h\u00f4tel<\/p>\n<p>D\u00e9part vers 14h00 pour une arriv\u00e9e \u00e0 Hendaye vers 21h00<\/p>\n<p><strong>Prix moyen du s\u00e9jour 360 euros (hors frais de transport)<\/strong><\/p>\n<p><strong>Tarif incluant la pension compl\u00e8te \u00e0 l\u2019h\u00f4tel Panorama et les plong\u00e9es<\/strong>.<\/p>\n<p>Inscription \u00e0 : <a href=\"mailto:bernard.izaguirre@gmail.com\">bernard.izaguirre@gmail.com<\/a><\/p>\n<p>*lien www.elreidelmar.com\/FR\/25\/hebergement.html<\/p>\n<p>&nbsp;<\/p>\n","protected":false},"excerpt":{"rendered":"<p>Benat Izaguirre (Membre du comit\u00e9 directeur du club) organise une sortie \u00e0 l\u2019Estartit sur la r\u00e9serve marine des iles M\u00e8des au large de L\u2019Estartit (Costa Brava). Ci dessous vous trouverez le planning ainsi que le cout de cette sortie\u00a0: D\u00e9part le jeudi 30\/06 vers 14h00\u00a0: Arriv\u00e9e \u00e0 l\u2019H\u00f4tel Panorama* vers 20h30 Repas du soir\u00a0 \u00e0&#8230;<\/p>\n","protected":false},"author":3,"featured_media":0,"comment_status":"open","ping_status":"open","sticky":false,"template":"","format":"standard","meta":{"_crdt_document":"","ngg_post_thumbnail":0,"footnotes":""},"categories":[6,4],"tags":[],"class_list":["post-5116","post","type-post","status-publish","format-standard","hentry","category-agenda","category-infos-plongee"],"views":1818,"_links":{"self":[{"href":"https:\/\/www.urpean.com\/index.php?rest_route=\/wp\/v2\/posts\/5116","targetHints":{"allow":["GET"]}}],"collection":[{"href":"https:\/\/www.urpean.com\/index.php?rest_route=\/wp\/v2\/posts"}],"about":[{"href":"https:\/\/www.urpean.com\/index.php?rest_route=\/wp\/v2\/types\/post"}],"author":[{"embeddable":true,"href":"https:\/\/www.urpean.com\/index.php?rest_route=\/wp\/v2\/users\/3"}],"replies":[{"embeddable":true,"href":"https:\/\/www.urpean.com\/index.php?rest_route=%2Fwp%2Fv2%2Fcomments&post=5116"}],"version-history":[{"count":3,"href":"https:\/\/www.urpean.com\/index.php?rest_route=\/wp\/v2\/posts\/5116\/revisions"}],"predecessor-version":[{"id":5119,"href":"https:\/\/www.urpean.com\/index.php?rest_route=\/wp\/v2\/posts\/5116\/revisions\/5119"}],"wp:attachment":[{"href":"https:\/\/www.urpean.com\/index.php?rest_route=%2Fwp%2Fv2%2Fmedia&parent=5116"}],"wp:term":[{"taxonomy":"category","embeddable":true,"href":"https:\/\/www.urpean.com\/index.php?rest_route=%2Fwp%2Fv2%2Fcategories&post=5116"},{"taxonomy":"post_tag","embeddable":true,"href":"https:\/\/www.urpean.com\/index.php?rest_route=%2Fwp%2Fv2%2Ftags&post=5116"}],"curies":[{"name":"wp","href":"https:\/\/api.w.org\/{rel}","templated":true}]}}