{"id":517,"date":"2009-06-20T05:34:59","date_gmt":"2009-06-20T04:34:59","guid":{"rendered":"http:\/\/www.urpean.com\/?p=517"},"modified":"2009-06-20T05:34:59","modified_gmt":"2009-06-20T04:34:59","slug":"expo-photo-a-toulouse-du-25-juin-au-24-aout","status":"publish","type":"post","link":"https:\/\/www.urpean.com\/?p=517","title":{"rendered":"Expo photo \u00e0 Toulouse du 25 Juin au 24 Ao\u00fbt"},"content":{"rendered":"<p><a href=\"http:\/\/www.urpean.com\/wp-content\/uploads\/2009\/06\/expo_underwater09b.jpg\"><img loading=\"lazy\" decoding=\"async\" class=\"alignleft size-full wp-image-518\" title=\"expo_underwater09b\" src=\"http:\/\/www.urpean.com\/wp-content\/uploads\/2009\/06\/expo_underwater09b.jpg\" alt=\"\" width=\"500\" height=\"255\" srcset=\"https:\/\/www.urpean.com\/wp-content\/uploads\/2009\/06\/expo_underwater09b.jpg 850w, https:\/\/www.urpean.com\/wp-content\/uploads\/2009\/06\/expo_underwater09b-300x153.jpg 300w\" sizes=\"auto, (max-width: 500px) 100vw, 500px\" \/><\/a>Bonjour \u00e0 tous,<\/p>\n<p>Une exposition photo consacr\u00e9e aux laur\u00e9ats du <strong>35\u00e8me Festival Mondial de l&rsquo;Image sous-marine<\/strong> se d\u00e9roulera tout cet \u00e9t\u00e9 \u00e0 Toulouse, du 25 Juin au 24 ao\u00fbt.<\/p>\n<p>O\u00f9 ?<\/p>\n<p><strong>Labo Photo Pro Photon<\/strong>, 8, rue du Montaudran &#8211; Halle aux Grains, 31000 Toulouse.<\/p>\n","protected":false},"excerpt":{"rendered":"<p>Bonjour \u00e0 tous, Une exposition photo consacr\u00e9e aux laur\u00e9ats du 35\u00e8me Festival Mondial de l&rsquo;Image sous-marine se d\u00e9roulera tout cet \u00e9t\u00e9 \u00e0 Toulouse, du 25 Juin au 24 ao\u00fbt. O\u00f9 ? Labo Photo Pro Photon, 8, rue du Montaudran &#8211; Halle aux Grains, 31000 Toulouse.<\/p>\n","protected":false},"author":1,"featured_media":0,"comment_status":"open","ping_status":"open","sticky":false,"template":"","format":"standard","meta":{"_crdt_document":"","ngg_post_thumbnail":0,"footnotes":""},"categories":[7],"tags":[],"class_list":["post-517","post","type-post","status-publish","format-standard","hentry","category-photo-ss-marine"],"views":2031,"_links":{"self":[{"href":"https:\/\/www.urpean.com\/index.php?rest_route=\/wp\/v2\/posts\/517","targetHints":{"allow":["GET"]}}],"collection":[{"href":"https:\/\/www.urpean.com\/index.php?rest_route=\/wp\/v2\/posts"}],"about":[{"href":"https:\/\/www.urpean.com\/index.php?rest_route=\/wp\/v2\/types\/post"}],"author":[{"embeddable":true,"href":"https:\/\/www.urpean.com\/index.php?rest_route=\/wp\/v2\/users\/1"}],"replies":[{"embeddable":true,"href":"https:\/\/www.urpean.com\/index.php?rest_route=%2Fwp%2Fv2%2Fcomments&post=517"}],"version-history":[{"count":0,"href":"https:\/\/www.urpean.com\/index.php?rest_route=\/wp\/v2\/posts\/517\/revisions"}],"wp:attachment":[{"href":"https:\/\/www.urpean.com\/index.php?rest_route=%2Fwp%2Fv2%2Fmedia&parent=517"}],"wp:term":[{"taxonomy":"category","embeddable":true,"href":"https:\/\/www.urpean.com\/index.php?rest_route=%2Fwp%2Fv2%2Fcategories&post=517"},{"taxonomy":"post_tag","embeddable":true,"href":"https:\/\/www.urpean.com\/index.php?rest_route=%2Fwp%2Fv2%2Ftags&post=517"}],"curies":[{"name":"wp","href":"https:\/\/api.w.org\/{rel}","templated":true}]}}