{"id":5266,"date":"2016-06-03T13:55:44","date_gmt":"2016-06-03T12:55:44","guid":{"rendered":"http:\/\/www.urpean.com\/?p=5266"},"modified":"2016-06-03T13:55:44","modified_gmt":"2016-06-03T12:55:44","slug":"mauvaise-nouvelle","status":"publish","type":"post","link":"https:\/\/www.urpean.com\/?p=5266","title":{"rendered":"Mauvaise nouvelle"},"content":{"rendered":"<p>Nous venons d\u2019apprendre le d\u00e9c\u00e8s de Fernand Vesga survenu chez lui \u00e0 Hendaye.<\/p>\n<p>Fernand \u00e9tait membre du Comit\u00e9 Directeur de 2005 \u00e0 2009.<\/p>\n<p>Il avait en charge l\u2019entretien du local et du compresseur.<\/p>\n<p>Fernand \u00e9tait tr\u00e8s chaleureux, tr\u00e8s actif et toujours \u00e0 la disposition des autres.<\/p>\n<p>Le club transmet \u00e0 sa famille et ses proches toutes ses condol\u00e9ances.<\/p>\n<p>Le Comit\u00e9 Directeur<\/p>\n<p><a href=\"http:\/\/www.urpean.com\/wp-content\/uploads\/2016\/06\/2005-06-26_URPEAN-22.jpg\" rel=\"attachment wp-att-5265\"><img loading=\"lazy\" decoding=\"async\" class=\"size-thumbnail wp-image-5265 alignright\" src=\"http:\/\/www.urpean.com\/wp-content\/uploads\/2016\/06\/2005-06-26_URPEAN-22-150x150.jpg\" alt=\"2005-06-26_URPEAN-22\" width=\"150\" height=\"150\" srcset=\"https:\/\/www.urpean.com\/wp-content\/uploads\/2016\/06\/2005-06-26_URPEAN-22-150x150.jpg 150w, https:\/\/www.urpean.com\/wp-content\/uploads\/2016\/06\/2005-06-26_URPEAN-22-144x144.jpg 144w\" sizes=\"auto, (max-width: 150px) 100vw, 150px\" \/><\/a><\/p>\n<p><a href=\"http:\/\/www.urpean.com\/wp-content\/uploads\/2016\/06\/VESGA-fernand.jpg\" rel=\"attachment wp-att-5264\"><img loading=\"lazy\" decoding=\"async\" class=\"size-thumbnail wp-image-5264 alignnone\" src=\"http:\/\/www.urpean.com\/wp-content\/uploads\/2016\/06\/VESGA-fernand-150x150.jpg\" alt=\"VESGA fernand\" width=\"150\" height=\"150\" srcset=\"https:\/\/www.urpean.com\/wp-content\/uploads\/2016\/06\/VESGA-fernand-150x150.jpg 150w, https:\/\/www.urpean.com\/wp-content\/uploads\/2016\/06\/VESGA-fernand-144x144.jpg 144w\" sizes=\"auto, (max-width: 150px) 100vw, 150px\" \/><\/a>\u00a0 \u00a0 \u00a0 \u00a0 \u00a0 \u00a0 \u00a0 \u00a0 \u00a0 \u00a0 \u00a0 \u00a0 \u00a0<a href=\"http:\/\/www.urpean.com\/wp-content\/uploads\/2016\/06\/2005-06-26_URPEAN-26.jpg\" rel=\"attachment wp-att-5263\"><img loading=\"lazy\" decoding=\"async\" class=\"size-thumbnail wp-image-5263 alignnone\" src=\"http:\/\/www.urpean.com\/wp-content\/uploads\/2016\/06\/2005-06-26_URPEAN-26-150x150.jpg\" alt=\"2005-06-26_URPEAN-26\" width=\"150\" height=\"150\" srcset=\"https:\/\/www.urpean.com\/wp-content\/uploads\/2016\/06\/2005-06-26_URPEAN-26-150x150.jpg 150w, https:\/\/www.urpean.com\/wp-content\/uploads\/2016\/06\/2005-06-26_URPEAN-26-144x144.jpg 144w\" sizes=\"auto, (max-width: 150px) 100vw, 150px\" \/><\/a><\/p>\n","protected":false},"excerpt":{"rendered":"<p>Nous venons d\u2019apprendre le d\u00e9c\u00e8s de Fernand Vesga survenu chez lui \u00e0 Hendaye. Fernand \u00e9tait membre du Comit\u00e9 Directeur de 2005 \u00e0 2009. Il avait en charge l\u2019entretien du local et du compresseur. Fernand \u00e9tait tr\u00e8s chaleureux, tr\u00e8s actif et toujours \u00e0 la disposition des autres. Le club transmet \u00e0 sa famille et ses proches&#8230;<\/p>\n","protected":false},"author":3,"featured_media":0,"comment_status":"open","ping_status":"open","sticky":false,"template":"","format":"standard","meta":{"_crdt_document":"","ngg_post_thumbnail":0,"footnotes":""},"categories":[5],"tags":[],"class_list":["post-5266","post","type-post","status-publish","format-standard","hentry","category-vie-du-club"],"views":1874,"_links":{"self":[{"href":"https:\/\/www.urpean.com\/index.php?rest_route=\/wp\/v2\/posts\/5266","targetHints":{"allow":["GET"]}}],"collection":[{"href":"https:\/\/www.urpean.com\/index.php?rest_route=\/wp\/v2\/posts"}],"about":[{"href":"https:\/\/www.urpean.com\/index.php?rest_route=\/wp\/v2\/types\/post"}],"author":[{"embeddable":true,"href":"https:\/\/www.urpean.com\/index.php?rest_route=\/wp\/v2\/users\/3"}],"replies":[{"embeddable":true,"href":"https:\/\/www.urpean.com\/index.php?rest_route=%2Fwp%2Fv2%2Fcomments&post=5266"}],"version-history":[{"count":1,"href":"https:\/\/www.urpean.com\/index.php?rest_route=\/wp\/v2\/posts\/5266\/revisions"}],"predecessor-version":[{"id":5267,"href":"https:\/\/www.urpean.com\/index.php?rest_route=\/wp\/v2\/posts\/5266\/revisions\/5267"}],"wp:attachment":[{"href":"https:\/\/www.urpean.com\/index.php?rest_route=%2Fwp%2Fv2%2Fmedia&parent=5266"}],"wp:term":[{"taxonomy":"category","embeddable":true,"href":"https:\/\/www.urpean.com\/index.php?rest_route=%2Fwp%2Fv2%2Fcategories&post=5266"},{"taxonomy":"post_tag","embeddable":true,"href":"https:\/\/www.urpean.com\/index.php?rest_route=%2Fwp%2Fv2%2Ftags&post=5266"}],"curies":[{"name":"wp","href":"https:\/\/api.w.org\/{rel}","templated":true}]}}