{"id":5461,"date":"2016-08-31T07:52:19","date_gmt":"2016-08-31T06:52:19","guid":{"rendered":"http:\/\/www.urpean.com\/?p=5461"},"modified":"2016-08-31T07:52:19","modified_gmt":"2016-08-31T06:52:19","slug":"plongees-en-septembre-et-octobre","status":"publish","type":"post","link":"https:\/\/www.urpean.com\/?p=5461","title":{"rendered":"Plong\u00e9es en septembre et octobre"},"content":{"rendered":"<p>Bonjour \u00e0 tous<\/p>\n<p>La saison estivale se termine mais les bonnes conditions m\u00e9t\u00e9o persistent.<\/p>\n<p>La pr\u00e9sence d&rsquo;Eric Gelos nous permettra en septembre et octobre d&rsquo;ouvrir le club sur des week-end prolong\u00e9s.<\/p>\n<p>Le planning d&rsquo;Eric est \u00e0 jour dans l&rsquo;onglet Agenda du site .<\/p>\n<p><u>Quelques remarques :<\/u><\/p>\n<p>Ce week-end 3 et 4 septembre, les sorties auront lieu le samedi et le dimanche, matin et apr\u00e8s-midi.<\/p>\n<p><b>A partir du 9 septembre et jusqu&rsquo;au 9 octobre inclus\u00a0<\/b>(sur 5 week-end)\u00a0<b>on pourra plonger les vendredis, samedis et dimanches matins et apr\u00e8s-midi<\/b>\u00a0(sous r\u00e9serve de conditions m\u00e9t\u00e9o favorables \u00e9videmment)<\/p>\n<p><b>ATTENTION RAPPEL<\/b>\u00a0: le samedi 10 septembre apr\u00e8s-midi, le bateau sera occup\u00e9 par le groupe PAGURE qui vient tous les ans faire de la plong\u00e9e enfant \u00e0 la Baie des cochons.<\/p>\n<p><b>APPEL \u00e0\u00a0B\u00c9N\u00c9VOLES\u00a0<\/b>: \u00a0le vendredi 16 septembre, Eric a un RV pour la m\u00e9decine du travail\u00a0le matin, on aura donc besoin d&rsquo;un DP et d&rsquo;un PILOTE b\u00e9n\u00e9voles pour assurer la sortie du matin.<\/p>\n<p>BONNES PLONGEES A TOUS<\/p>\n<p>et \u00e0 bient\u00f4t \u00e0 bord de l&rsquo;HIRUGARRENA<\/p>\n<p>Constance<\/p>\n","protected":false},"excerpt":{"rendered":"<p>Bonjour \u00e0 tous La saison estivale se termine mais les bonnes conditions m\u00e9t\u00e9o persistent. La pr\u00e9sence d&rsquo;Eric Gelos nous permettra en septembre et octobre d&rsquo;ouvrir le club sur des week-end prolong\u00e9s. Le planning d&rsquo;Eric est \u00e0 jour dans l&rsquo;onglet Agenda du site . Quelques remarques : Ce week-end 3 et 4 septembre, les sorties auront&#8230;<\/p>\n","protected":false},"author":3,"featured_media":0,"comment_status":"open","ping_status":"open","sticky":false,"template":"","format":"standard","meta":{"_crdt_document":"","ngg_post_thumbnail":0,"footnotes":""},"categories":[6,4],"tags":[],"class_list":["post-5461","post","type-post","status-publish","format-standard","hentry","category-agenda","category-infos-plongee"],"views":2182,"_links":{"self":[{"href":"https:\/\/www.urpean.com\/index.php?rest_route=\/wp\/v2\/posts\/5461","targetHints":{"allow":["GET"]}}],"collection":[{"href":"https:\/\/www.urpean.com\/index.php?rest_route=\/wp\/v2\/posts"}],"about":[{"href":"https:\/\/www.urpean.com\/index.php?rest_route=\/wp\/v2\/types\/post"}],"author":[{"embeddable":true,"href":"https:\/\/www.urpean.com\/index.php?rest_route=\/wp\/v2\/users\/3"}],"replies":[{"embeddable":true,"href":"https:\/\/www.urpean.com\/index.php?rest_route=%2Fwp%2Fv2%2Fcomments&post=5461"}],"version-history":[{"count":1,"href":"https:\/\/www.urpean.com\/index.php?rest_route=\/wp\/v2\/posts\/5461\/revisions"}],"predecessor-version":[{"id":5462,"href":"https:\/\/www.urpean.com\/index.php?rest_route=\/wp\/v2\/posts\/5461\/revisions\/5462"}],"wp:attachment":[{"href":"https:\/\/www.urpean.com\/index.php?rest_route=%2Fwp%2Fv2%2Fmedia&parent=5461"}],"wp:term":[{"taxonomy":"category","embeddable":true,"href":"https:\/\/www.urpean.com\/index.php?rest_route=%2Fwp%2Fv2%2Fcategories&post=5461"},{"taxonomy":"post_tag","embeddable":true,"href":"https:\/\/www.urpean.com\/index.php?rest_route=%2Fwp%2Fv2%2Ftags&post=5461"}],"curies":[{"name":"wp","href":"https:\/\/api.w.org\/{rel}","templated":true}]}}