{"id":5566,"date":"2016-11-18T17:19:12","date_gmt":"2016-11-18T16:19:12","guid":{"rendered":"http:\/\/www.urpean.com\/?p=5566"},"modified":"2016-11-18T17:19:12","modified_gmt":"2016-11-18T16:19:12","slug":"la-der-de-der","status":"publish","type":"post","link":"https:\/\/www.urpean.com\/?p=5566","title":{"rendered":"La \u00ab\u00a0der de der\u00a0\u00bb"},"content":{"rendered":"<p>Amis plongeurs(euses). Notre bateau effectuera sa derni\u00e9re sortie au sein d&rsquo;URPEAN samedi 26 novembre. Sur mon initiative et avec l&rsquo;aval total du CA du club une ultime sortie plong\u00e9e avec celui que vous avez tant aim\u00e9 si j&rsquo;en crois les commentaires glan\u00e9s tout au long de son parcours, aura lieu le <strong>samedi 26 novembre <\/strong>\u00e0 9 h (rdv au club pour d\u00e9part comme d&rsquo;hab \u00e0 9h30). Selon la m\u00e9t\u00e9o nous choisirons ensemble le site d&rsquo;immersion, et pour la derni\u00e8re fois je vous piloterai et assurerai la s\u00e9cu surface avec le DP.<\/p>\n<p>A la suite de la plong\u00e9e, nous ferons \u00ab\u00a0l&rsquo;auberge espagnole \u00a0\u00bb au Txoko du club, chacun amenant de quoi se substanter \u00e0 boire et \u00e0 manger. Nous vivrons ainsi un grand moment de partage, apr\u00e9s avoir partag\u00e9 pendant ces longues ann\u00e9es, le pont d&rsquo;Hirrugarena.<\/p>\n<p>On lui doit bien \u00e7a. Non ??<\/p>\n<p>Je vous esp\u00e9re nombreux (euses) ce jour l\u00e0.<\/p>\n<p>Attention seuls (eules) les 29 premiers inscrits (capacit\u00e9 du bateau) pourront acc\u00e9der \u00e0 bord.<\/p>\n<p>Vous pourrez si vous le d\u00e9sirez m&rsquo;appeler pour r\u00e9server votre place au 06 85 10 84 54 ou par mail \u00e0 l&rsquo;adresse pierre.baitch@wanadoo.fr.<\/p>\n<p>Je reste votre d\u00e9vou\u00e9.<\/p>\n<p>Pierre BAITCH<\/p>\n","protected":false},"excerpt":{"rendered":"<p>Amis plongeurs(euses). Notre bateau effectuera sa derni\u00e9re sortie au sein d&rsquo;URPEAN samedi 26 novembre. Sur mon initiative et avec l&rsquo;aval total du CA du club une ultime sortie plong\u00e9e avec celui que vous avez tant aim\u00e9 si j&rsquo;en crois les commentaires glan\u00e9s tout au long de son parcours, aura lieu le samedi 26 novembre \u00e0&#8230;<\/p>\n","protected":false},"author":66,"featured_media":0,"comment_status":"open","ping_status":"open","sticky":false,"template":"","format":"standard","meta":{"_crdt_document":"","ngg_post_thumbnail":0,"footnotes":""},"categories":[1],"tags":[],"class_list":["post-5566","post","type-post","status-publish","format-standard","hentry","category-non-classe"],"views":1590,"_links":{"self":[{"href":"https:\/\/www.urpean.com\/index.php?rest_route=\/wp\/v2\/posts\/5566","targetHints":{"allow":["GET"]}}],"collection":[{"href":"https:\/\/www.urpean.com\/index.php?rest_route=\/wp\/v2\/posts"}],"about":[{"href":"https:\/\/www.urpean.com\/index.php?rest_route=\/wp\/v2\/types\/post"}],"author":[{"embeddable":true,"href":"https:\/\/www.urpean.com\/index.php?rest_route=\/wp\/v2\/users\/66"}],"replies":[{"embeddable":true,"href":"https:\/\/www.urpean.com\/index.php?rest_route=%2Fwp%2Fv2%2Fcomments&post=5566"}],"version-history":[{"count":1,"href":"https:\/\/www.urpean.com\/index.php?rest_route=\/wp\/v2\/posts\/5566\/revisions"}],"predecessor-version":[{"id":5567,"href":"https:\/\/www.urpean.com\/index.php?rest_route=\/wp\/v2\/posts\/5566\/revisions\/5567"}],"wp:attachment":[{"href":"https:\/\/www.urpean.com\/index.php?rest_route=%2Fwp%2Fv2%2Fmedia&parent=5566"}],"wp:term":[{"taxonomy":"category","embeddable":true,"href":"https:\/\/www.urpean.com\/index.php?rest_route=%2Fwp%2Fv2%2Fcategories&post=5566"},{"taxonomy":"post_tag","embeddable":true,"href":"https:\/\/www.urpean.com\/index.php?rest_route=%2Fwp%2Fv2%2Ftags&post=5566"}],"curies":[{"name":"wp","href":"https:\/\/api.w.org\/{rel}","templated":true}]}}