{"id":57,"date":"2008-03-06T19:14:30","date_gmt":"2008-03-06T18:14:30","guid":{"rendered":"http:\/\/www.urpean.com\/?p=57"},"modified":"2008-03-06T19:14:30","modified_gmt":"2008-03-06T18:14:30","slug":"preparation-dhirugarena-a-la-nouvelle-saison","status":"publish","type":"post","link":"https:\/\/www.urpean.com\/?p=57","title":{"rendered":"Pr\u00e9paration d&#039;Hirugarena \u00e0 la nouvelle saison"},"content":{"rendered":"<p>Bonjour \u00e0 tous,<\/p>\n<p>Quelques infos sur la pr\u00e9paration d&rsquo;Hirugarena \u00e0 la nouvelle saison.<\/p>\n<p>Au niveau moteur:<\/p>\n<p>Tout avance pour le mieux. Les d\u00e9lais sont tenus et sauf surprise de derni\u00e8re minute, les premiers essais en mer se feront \u00e0 la mi-mars.<\/p>\n<p>Pour les f\u00e9rus de d\u00e9tail:<\/p>\n<p>Nous avons remplac\u00e9 notre vieux DAF de 90ch par un IVECO de 150. Mais que les pilotes ne s&rsquo;inquietent pas, HIRUGARENA ne perdra pas son \u00e2me et gardera cette force tranquille si caract\u00e9ristique au \u00ab\u00a0bateau de travail\u00a0\u00bb&#8230;.<\/p>\n<p>En r\u00e9sum\u00e9, nous gagnerons certainement un peu de vitesse, mais de l\u00e0 \u00e0 lui faire lever la proue&#8230;&#8230;.<\/p>\n<p>Au niveau \u00e9lectricit\u00e9, nous passons en 12v, donc pas mal de modifications, tant au niveau du circuit, modification du syst\u00e8me de charge des batteries \u00e0 quai&#8230;, que du mat\u00e9riel fonctionnant initialement en 24v (pompes de cales,<\/p>\n<p>ampoules&#8230;)<\/p>\n<p>Sur le plan \u00e9quipement, le tableau de bord se verra rajeuni par un nouveau sondeur et une nouvelle console regroupant tous les instruments et voyants de contr\u00f4le du moteur.<\/p>\n<p>Mais apr\u00e8s les m\u00e9canos et \u00e9lectriciens, les peintres et notre charpentier \u00ab\u00a0marine\u00a0\u00bb ont attaqu\u00e9s la partie visible des travaux.<\/p>\n<p>Ce samedi 23 f\u00e9vrier, Jean Michel, Mikel, Peio, Jean Baptiste, Pierre et moi m\u00eame avons ponc\u00e9s la coque. Surprise de fin d&rsquo;apr\u00e8s midi:  inspection par notre vice pr\u00e9sident Papou. Pas d&rsquo;exclamation, ni de grands gestes, c&rsquo;est que tout allait bien.<\/p>\n<p>Les travaux vont s&rsquo;acc\u00e9l\u00e9rer, notre \u00e9quipe de jeunes retrait\u00e9s va s&rsquo;occuper de la semaine, les autres joignez vous \u00e0 eux en prenant contact avec Papou ou Jacky, ou \u00e0 l&rsquo;\u00e9quipe du samedi en m&rsquo;appelant directement.<\/p>\n<p>Allez, courage, c&rsquo;est la derni\u00e8re ligne droite.<\/p>\n<p>Michel.<\/p>\n","protected":false},"excerpt":{"rendered":"<p>Bonjour \u00e0 tous, Quelques infos sur la pr\u00e9paration d&rsquo;Hirugarena \u00e0 la nouvelle saison. Au niveau moteur: Tout avance pour le mieux. Les d\u00e9lais sont tenus et sauf surprise de derni\u00e8re minute, les premiers essais en mer se feront \u00e0 la mi-mars. Pour les f\u00e9rus de d\u00e9tail: Nous avons remplac\u00e9 notre vieux DAF de 90ch par&#8230;<\/p>\n","protected":false},"author":1,"featured_media":0,"comment_status":"open","ping_status":"open","sticky":false,"template":"","format":"standard","meta":{"_crdt_document":"","ngg_post_thumbnail":0,"footnotes":""},"categories":[28],"tags":[47,48],"class_list":["post-57","post","type-post","status-publish","format-standard","hentry","category-materiel","tag-hirugarena","tag-iveco"],"views":2729,"_links":{"self":[{"href":"https:\/\/www.urpean.com\/index.php?rest_route=\/wp\/v2\/posts\/57","targetHints":{"allow":["GET"]}}],"collection":[{"href":"https:\/\/www.urpean.com\/index.php?rest_route=\/wp\/v2\/posts"}],"about":[{"href":"https:\/\/www.urpean.com\/index.php?rest_route=\/wp\/v2\/types\/post"}],"author":[{"embeddable":true,"href":"https:\/\/www.urpean.com\/index.php?rest_route=\/wp\/v2\/users\/1"}],"replies":[{"embeddable":true,"href":"https:\/\/www.urpean.com\/index.php?rest_route=%2Fwp%2Fv2%2Fcomments&post=57"}],"version-history":[{"count":0,"href":"https:\/\/www.urpean.com\/index.php?rest_route=\/wp\/v2\/posts\/57\/revisions"}],"wp:attachment":[{"href":"https:\/\/www.urpean.com\/index.php?rest_route=%2Fwp%2Fv2%2Fmedia&parent=57"}],"wp:term":[{"taxonomy":"category","embeddable":true,"href":"https:\/\/www.urpean.com\/index.php?rest_route=%2Fwp%2Fv2%2Fcategories&post=57"},{"taxonomy":"post_tag","embeddable":true,"href":"https:\/\/www.urpean.com\/index.php?rest_route=%2Fwp%2Fv2%2Ftags&post=57"}],"curies":[{"name":"wp","href":"https:\/\/api.w.org\/{rel}","templated":true}]}}