{"id":6150,"date":"2017-07-14T15:37:20","date_gmt":"2017-07-14T14:37:20","guid":{"rendered":"http:\/\/www.urpean.com\/?p=6150"},"modified":"2017-07-14T15:37:20","modified_gmt":"2017-07-14T14:37:20","slug":"fete-de-la-mer-22-et-23-juillet","status":"publish","type":"post","link":"https:\/\/www.urpean.com\/?p=6150","title":{"rendered":"FETE DE LA MER 22 et 23 JUILLET"},"content":{"rendered":"<p style=\"text-align: left;\"><span style=\"font-weight: 400;\">Tout d\u2019abord un grand merci \u00e0 tous les b\u00e9n\u00e9voles de la f\u00eate des xipirons , une journ\u00e9e rude , qui s&rsquo;est d\u00e9roul\u00e9e dans la bonne humeur.<\/span><\/p>\n<p style=\"text-align: left;\"><span style=\"font-weight: 400;\">Un dernier petit effort vous est \u00a0demand\u00e9 pour la f\u00eate de la mer \u00a0, 2 f\u00eates qui nous permettent d&rsquo;avoir un magnifique bateau.<\/span><\/p>\n<p style=\"text-align: left;\"><b>Vendredi 21 juillet<\/b><span style=\"font-weight: 400;\">\u00a0: 14h00 montage des chapiteaux (besoin gros bras ).<\/span><\/p>\n<p><span style=\"font-weight: 400;\"> \u00a0\u00a0\u00a0\u00a0\u00a0\u00a0\u00a0\u00a0\u00a0\u00a0\u00a0\u00a0\u00a0\u00a0\u00a0\u00a0\u00a0\u00a0\u00a0\u00a0\u00a0\u00a0\u00a0\u00a0\u00a0\u00a0\u00a0\u00a0\u00a0\u00a0\u00a0\u00a0\u00a0\u00a0\u00a0\u00a0\u00a0\u00a0\u00a0\u00a0\u00a0\u00a0R\u00e9cup\u00e9ration des tables aux ateliers municipaux avant 17h.<\/span><\/p>\n<p><b>Samedi 22 juillet<\/b><span style=\"font-weight: 400;\">\u00a0: \u00a0\u00a016h30 rendez vous b\u00e9n\u00e9voles<\/span> <span style=\"font-weight: 400;\">(bar , service , plancha etc..)<\/span><\/p>\n<p><b>Dimanche \u00a0\u00a023 juillet<\/b><span style=\"font-weight: 400;\">\u00a0: 10h30 rendez vous b\u00e9n\u00e9voles (idem veille ).<\/span><\/p>\n<p><span style=\"font-weight: 400;\"> \u00a0\u00a0\u00a0\u00a0\u00a0\u00a0\u00a0\u00a0\u00a0\u00a0\u00a0\u00a0\u00a0\u00a0\u00a0\u00a0\u00a0\u00a0\u00a0\u00a0\u00a0\u00a0\u00a0\u00a0\u00a0\u00a0\u00a0\u00a0\u00a0\u00a0\u00a0\u00a0\u00a0le soir rendez vous 17h.(uniquement bar avec tapas , pas de service \u00e0 table )<\/span><\/p>\n<p><b>Lundi 24 juillet\u00a0: <\/b><span style=\"font-weight: 400;\">9h00 d\u00e9montage chapiteau.\u00a0<\/span><\/p>\n<p><span style=\"font-weight: 400;\"> Les inscriptions se font \u00a0aupr\u00e8s de NOELLE\u00a0par mail:<\/span><\/p>\n<p style=\"text-align: center;\"><span style=\"font-weight: 400;\"> \u00a0\u00a0\u00a0\u00a0\u00a0\u00a0\u00a0\u00a0\u00a0\u00a0\u00a0\u00a0\u00a0\u00a0\u00a0\u00a0\u00a0\u00a0\u00a0\u00a0\u00a0<\/span><b>noelle.izaguirre@gmail.com<\/b><span style=\"font-weight: 400;\"> \u00a0\u00a0\u00a0\u00a0\u00a0\u00a0<\/span><\/p>\n<p><span style=\"font-weight: 400;\">Apr\u00e8s la r\u00e9ussite de la f\u00eate des xipirons , venez nombreux nous aider! <\/span><\/p>\n<p><span style=\"font-weight: 400;\">Un grand merci par avance .<\/span><\/p>\n<p style=\"text-align: center;\"><span style=\"font-weight: 400;\">Bixente, Jacky, \u00a0Myriam et No\u00eblle .<\/span><\/p>\n","protected":false},"excerpt":{"rendered":"<p>Tout d\u2019abord un grand merci \u00e0 tous les b\u00e9n\u00e9voles de la f\u00eate des xipirons , une journ\u00e9e rude , qui s&rsquo;est d\u00e9roul\u00e9e dans la bonne humeur. Un dernier petit effort vous est \u00a0demand\u00e9 pour la f\u00eate de la mer \u00a0, 2 f\u00eates qui nous permettent d&rsquo;avoir un magnifique bateau. Vendredi 21 juillet\u00a0: 14h00 montage des&#8230;<\/p>\n","protected":false},"author":66,"featured_media":0,"comment_status":"open","ping_status":"open","sticky":false,"template":"","format":"standard","meta":{"_crdt_document":"","ngg_post_thumbnail":0,"footnotes":""},"categories":[1],"tags":[],"class_list":["post-6150","post","type-post","status-publish","format-standard","hentry","category-non-classe"],"views":1582,"_links":{"self":[{"href":"https:\/\/www.urpean.com\/index.php?rest_route=\/wp\/v2\/posts\/6150","targetHints":{"allow":["GET"]}}],"collection":[{"href":"https:\/\/www.urpean.com\/index.php?rest_route=\/wp\/v2\/posts"}],"about":[{"href":"https:\/\/www.urpean.com\/index.php?rest_route=\/wp\/v2\/types\/post"}],"author":[{"embeddable":true,"href":"https:\/\/www.urpean.com\/index.php?rest_route=\/wp\/v2\/users\/66"}],"replies":[{"embeddable":true,"href":"https:\/\/www.urpean.com\/index.php?rest_route=%2Fwp%2Fv2%2Fcomments&post=6150"}],"version-history":[{"count":3,"href":"https:\/\/www.urpean.com\/index.php?rest_route=\/wp\/v2\/posts\/6150\/revisions"}],"predecessor-version":[{"id":6153,"href":"https:\/\/www.urpean.com\/index.php?rest_route=\/wp\/v2\/posts\/6150\/revisions\/6153"}],"wp:attachment":[{"href":"https:\/\/www.urpean.com\/index.php?rest_route=%2Fwp%2Fv2%2Fmedia&parent=6150"}],"wp:term":[{"taxonomy":"category","embeddable":true,"href":"https:\/\/www.urpean.com\/index.php?rest_route=%2Fwp%2Fv2%2Fcategories&post=6150"},{"taxonomy":"post_tag","embeddable":true,"href":"https:\/\/www.urpean.com\/index.php?rest_route=%2Fwp%2Fv2%2Ftags&post=6150"}],"curies":[{"name":"wp","href":"https:\/\/api.w.org\/{rel}","templated":true}]}}