{"id":6268,"date":"2017-09-07T08:00:31","date_gmt":"2017-09-07T07:00:31","guid":{"rendered":"http:\/\/www.urpean.com\/?p=6268"},"modified":"2017-09-07T08:00:31","modified_gmt":"2017-09-07T07:00:31","slug":"petit-bilan-des-fetes","status":"publish","type":"post","link":"https:\/\/www.urpean.com\/?p=6268","title":{"rendered":"Petit bilan des f\u00eates"},"content":{"rendered":"<p><span style=\"font-weight: 400;\">On a eu du soleil , ce qui est \u00a0\u00e9videmment \u00a0le plus important .. <\/span><\/p>\n<p><span style=\"font-weight: 400;\">Nous avons fait une des meilleures ann\u00e9es , ce qui est rassurant pour la vie du club\u00a0.<\/span><\/p>\n<p><span style=\"font-weight: 400;\">Il y a eu une belle \u00e9nergie et nous remercions tout ceux qui ont particip\u00e9\u00a0; <\/span><\/p>\n<p><span style=\"font-weight: 400;\">Particuli\u00e8rement les \u00ab\u00a0jeunes\u00a0\u00bb plongeurs qui ont brillamment eu leur niveau 1 cette ann\u00e9e et sont aussi bons dans la dynamique \u00a0associative \u00a0que dans la pratique de la plong\u00e9e.<\/span><\/p>\n<p>Les amis de Bergara qui \u00a0ont aussi \u00e9norm\u00e9ment aid\u00e9 aux deux f\u00eates.<\/p>\n<p><span style=\"font-weight: 400;\">Les moments difficiles restent les montages \/d\u00e9montage , les vaisselles et le rangement final\u00a0; nous avons \u00e9t\u00e9 beaucoup trop peu pour le faire\u00a0; Les \u00ab\u00a0anciens\u00a0\u00bb qui s\u2019\u00e9puisent..<\/span><\/p>\n<p><span style=\"font-weight: 400;\">Nous allons mieux nous organiser l\u2019ann\u00e9e prochaine afin que chacun puisse s\u2019inscrire \u00e0 l\u2019avance sur un planning dans une de ces f\u00eates, \u00a0sur l\u2019ensemble des cr\u00e9neaux horaires et t\u00e2ches \u00e0 garantir. L\u2019\u00e9nergie de chaque soci\u00e9taire est n\u00e9cessaire \u00e0 la continuit\u00e9 de notre association. <\/span><\/p>\n<p><span style=\"font-weight: 400;\">La dynamique \u00ab\u00a0 \u00e9co\u00a0\u00bb est en route, on peut encore l\u2019am\u00e9liorer dans la r\u00e9flexion, l\u2019organisation et la pratique\u00a0&#8230; on avance&#8230;<\/span><\/p>\n<p><span style=\"font-weight: 400;\">Et on a vendu les assiettes trop lourdes pour acheter des assiettes en plastique lavable et l\u00e9g\u00e8res\u00a0.<\/span><\/p>\n<p><span style=\"font-weight: 400;\">Jeudi 31 Aout, repas de fin de saison avec St\u00e9phanie et Eric\u00a0, tr\u00e8s sympa. <\/span><\/p>\n<p><span style=\"font-weight: 400;\">Un bon repas avec 18 personnes pour les remercier, \u00a0qui conclut un \u00e9t\u00e9 de belles f\u00eates et de jolies plong\u00e9es .<\/span><\/p>\n<p>Myriam.<\/p>\n<p><a href=\"http:\/\/www.urpean.com\/wp-content\/uploads\/2017\/09\/20170723_121900.jpg\"><img loading=\"lazy\" decoding=\"async\" class=\"alignnone size-medium wp-image-6276\" src=\"http:\/\/www.urpean.com\/wp-content\/uploads\/2017\/09\/20170723_121900-300x169.jpg\" alt=\"\" width=\"300\" height=\"169\" srcset=\"https:\/\/www.urpean.com\/wp-content\/uploads\/2017\/09\/20170723_121900-300x169.jpg 300w, https:\/\/www.urpean.com\/wp-content\/uploads\/2017\/09\/20170723_121900-768x432.jpg 768w, https:\/\/www.urpean.com\/wp-content\/uploads\/2017\/09\/20170723_121900-644x362.jpg 644w\" sizes=\"auto, (max-width: 300px) 100vw, 300px\" \/><\/a> <a href=\"http:\/\/www.urpean.com\/wp-content\/uploads\/2017\/09\/20170722_184723.jpg\"><img loading=\"lazy\" decoding=\"async\" class=\"alignnone size-medium wp-image-6277\" src=\"http:\/\/www.urpean.com\/wp-content\/uploads\/2017\/09\/20170722_184723-300x169.jpg\" alt=\"\" width=\"300\" height=\"169\" srcset=\"https:\/\/www.urpean.com\/wp-content\/uploads\/2017\/09\/20170722_184723-300x169.jpg 300w, https:\/\/www.urpean.com\/wp-content\/uploads\/2017\/09\/20170722_184723-768x432.jpg 768w, https:\/\/www.urpean.com\/wp-content\/uploads\/2017\/09\/20170722_184723-644x362.jpg 644w\" sizes=\"auto, (max-width: 300px) 100vw, 300px\" \/><\/a><img loading=\"lazy\" decoding=\"async\" class=\"alignnone size-medium wp-image-6275\" src=\"http:\/\/www.urpean.com\/wp-content\/uploads\/2017\/09\/20170722_170849-300x169.jpg\" alt=\"\" width=\"300\" height=\"169\" srcset=\"https:\/\/www.urpean.com\/wp-content\/uploads\/2017\/09\/20170722_170849-300x169.jpg 300w, https:\/\/www.urpean.com\/wp-content\/uploads\/2017\/09\/20170722_170849-768x432.jpg 768w, https:\/\/www.urpean.com\/wp-content\/uploads\/2017\/09\/20170722_170849-644x362.jpg 644w\" sizes=\"auto, (max-width: 300px) 100vw, 300px\" \/><\/p>\n","protected":false},"excerpt":{"rendered":"<p>On a eu du soleil , ce qui est \u00a0\u00e9videmment \u00a0le plus important .. Nous avons fait une des meilleures ann\u00e9es , ce qui est rassurant pour la vie du club\u00a0. Il y a eu une belle \u00e9nergie et nous remercions tout ceux qui ont particip\u00e9\u00a0; Particuli\u00e8rement les \u00ab\u00a0jeunes\u00a0\u00bb plongeurs qui ont brillamment eu leur&#8230;<\/p>\n","protected":false},"author":66,"featured_media":0,"comment_status":"open","ping_status":"open","sticky":false,"template":"","format":"standard","meta":{"_crdt_document":"","ngg_post_thumbnail":0,"footnotes":""},"categories":[1],"tags":[],"class_list":["post-6268","post","type-post","status-publish","format-standard","hentry","category-non-classe"],"views":1578,"_links":{"self":[{"href":"https:\/\/www.urpean.com\/index.php?rest_route=\/wp\/v2\/posts\/6268","targetHints":{"allow":["GET"]}}],"collection":[{"href":"https:\/\/www.urpean.com\/index.php?rest_route=\/wp\/v2\/posts"}],"about":[{"href":"https:\/\/www.urpean.com\/index.php?rest_route=\/wp\/v2\/types\/post"}],"author":[{"embeddable":true,"href":"https:\/\/www.urpean.com\/index.php?rest_route=\/wp\/v2\/users\/66"}],"replies":[{"embeddable":true,"href":"https:\/\/www.urpean.com\/index.php?rest_route=%2Fwp%2Fv2%2Fcomments&post=6268"}],"version-history":[{"count":4,"href":"https:\/\/www.urpean.com\/index.php?rest_route=\/wp\/v2\/posts\/6268\/revisions"}],"predecessor-version":[{"id":6280,"href":"https:\/\/www.urpean.com\/index.php?rest_route=\/wp\/v2\/posts\/6268\/revisions\/6280"}],"wp:attachment":[{"href":"https:\/\/www.urpean.com\/index.php?rest_route=%2Fwp%2Fv2%2Fmedia&parent=6268"}],"wp:term":[{"taxonomy":"category","embeddable":true,"href":"https:\/\/www.urpean.com\/index.php?rest_route=%2Fwp%2Fv2%2Fcategories&post=6268"},{"taxonomy":"post_tag","embeddable":true,"href":"https:\/\/www.urpean.com\/index.php?rest_route=%2Fwp%2Fv2%2Ftags&post=6268"}],"curies":[{"name":"wp","href":"https:\/\/api.w.org\/{rel}","templated":true}]}}