{"id":6453,"date":"2018-01-20T22:36:21","date_gmt":"2018-01-20T21:36:21","guid":{"rendered":"http:\/\/www.urpean.com\/?p=6453"},"modified":"2018-01-20T22:36:21","modified_gmt":"2018-01-20T21:36:21","slug":"medaille-de-la-jeunesse-sports-pour-jacky","status":"publish","type":"post","link":"https:\/\/www.urpean.com\/?p=6453","title":{"rendered":"M\u00e9daille de la Jeunesse &#038; Sports pour Jacky"},"content":{"rendered":"<p>Dimanche 7 Janvier, Jacky Miguel a re\u00e7u la m\u00e9daille de bronze du minist\u00e8re de la Jeunesse et Sports.<\/p>\n<p>Les images, le discours et le film de cet \u00e9v\u00e9nement qui a r\u00e9uni beaucoup de monde \u00e0 URPEAN!<\/p>\n<p><img loading=\"lazy\" decoding=\"async\" class=\"alignnone  wp-image-6454\" src=\"http:\/\/www.urpean.com\/wp-content\/uploads\/2018\/01\/20180107_123306.jpg\" alt=\"\" width=\"308\" height=\"381\"> <img loading=\"lazy\" decoding=\"async\" class=\"alignnone  wp-image-6458\" src=\"http:\/\/www.urpean.com\/wp-content\/uploads\/2018\/01\/20180107_124606.jpg\" alt=\"\" width=\"310\" height=\"232\" srcset=\"https:\/\/www.urpean.com\/wp-content\/uploads\/2018\/01\/20180107_124606.jpg 3264w, https:\/\/www.urpean.com\/wp-content\/uploads\/2018\/01\/20180107_124606-300x225.jpg 300w, https:\/\/www.urpean.com\/wp-content\/uploads\/2018\/01\/20180107_124606-768x576.jpg 768w, https:\/\/www.urpean.com\/wp-content\/uploads\/2018\/01\/20180107_124606-644x483.jpg 644w\" sizes=\"auto, (max-width: 310px) 100vw, 310px\" \/><\/p>\n<p><img loading=\"lazy\" decoding=\"async\" class=\"alignnone  wp-image-6456\" src=\"http:\/\/www.urpean.com\/wp-content\/uploads\/2018\/01\/20180107_124211.jpg\" alt=\"\" width=\"313\" height=\"235\" srcset=\"https:\/\/www.urpean.com\/wp-content\/uploads\/2018\/01\/20180107_124211.jpg 3264w, https:\/\/www.urpean.com\/wp-content\/uploads\/2018\/01\/20180107_124211-300x225.jpg 300w, https:\/\/www.urpean.com\/wp-content\/uploads\/2018\/01\/20180107_124211-768x576.jpg 768w, https:\/\/www.urpean.com\/wp-content\/uploads\/2018\/01\/20180107_124211-644x483.jpg 644w\" sizes=\"auto, (max-width: 313px) 100vw, 313px\" \/> <img loading=\"lazy\" decoding=\"async\" class=\"alignnone  wp-image-6457\" src=\"http:\/\/www.urpean.com\/wp-content\/uploads\/2018\/01\/20180107_124028-1.jpg\" alt=\"\" width=\"314\" height=\"235\" srcset=\"https:\/\/www.urpean.com\/wp-content\/uploads\/2018\/01\/20180107_124028-1.jpg 4128w, https:\/\/www.urpean.com\/wp-content\/uploads\/2018\/01\/20180107_124028-1-300x225.jpg 300w, https:\/\/www.urpean.com\/wp-content\/uploads\/2018\/01\/20180107_124028-1-768x576.jpg 768w, https:\/\/www.urpean.com\/wp-content\/uploads\/2018\/01\/20180107_124028-1-644x483.jpg 644w\" sizes=\"auto, (max-width: 314px) 100vw, 314px\" \/><\/p>\n<p><a href=\"http:\/\/www.urpean.com\/wp-content\/uploads\/2018\/01\/Discours-m\u00e9daille-Jacky-PDF.pdf\">Discours m\u00e9daille Jacky PDF<\/a><\/p>\n<p><iframe loading=\"lazy\" title=\"Medaille de Bronze de la Jeunesse et Sports Jacky Miguel\" src=\"https:\/\/player.vimeo.com\/video\/251970477?dnt=1&amp;app_id=122963\" width=\"644\" height=\"362\" frameborder=\"0\" allow=\"autoplay; fullscreen; picture-in-picture; clipboard-write\"><\/iframe><\/p>\n<p>Zorionak Jacky!<\/p>\n<p>Cr\u00e9dits Photos &amp; Film : Myriam<\/p>\n","protected":false},"excerpt":{"rendered":"<p>Dimanche 7 Janvier, Jacky Miguel a re\u00e7u la m\u00e9daille de bronze du minist\u00e8re de la Jeunesse et Sports. Les images, le discours et le film de cet \u00e9v\u00e9nement qui a r\u00e9uni beaucoup de monde \u00e0 URPEAN! Discours m\u00e9daille Jacky PDF Zorionak Jacky! Cr\u00e9dits Photos &amp; Film : Myriam<\/p>\n","protected":false},"author":5,"featured_media":0,"comment_status":"open","ping_status":"open","sticky":false,"template":"","format":"standard","meta":{"_crdt_document":"","ngg_post_thumbnail":0,"footnotes":""},"categories":[1],"tags":[],"class_list":["post-6453","post","type-post","status-publish","format-standard","hentry","category-non-classe"],"views":2133,"_links":{"self":[{"href":"https:\/\/www.urpean.com\/index.php?rest_route=\/wp\/v2\/posts\/6453","targetHints":{"allow":["GET"]}}],"collection":[{"href":"https:\/\/www.urpean.com\/index.php?rest_route=\/wp\/v2\/posts"}],"about":[{"href":"https:\/\/www.urpean.com\/index.php?rest_route=\/wp\/v2\/types\/post"}],"author":[{"embeddable":true,"href":"https:\/\/www.urpean.com\/index.php?rest_route=\/wp\/v2\/users\/5"}],"replies":[{"embeddable":true,"href":"https:\/\/www.urpean.com\/index.php?rest_route=%2Fwp%2Fv2%2Fcomments&post=6453"}],"version-history":[{"count":1,"href":"https:\/\/www.urpean.com\/index.php?rest_route=\/wp\/v2\/posts\/6453\/revisions"}],"predecessor-version":[{"id":6464,"href":"https:\/\/www.urpean.com\/index.php?rest_route=\/wp\/v2\/posts\/6453\/revisions\/6464"}],"wp:attachment":[{"href":"https:\/\/www.urpean.com\/index.php?rest_route=%2Fwp%2Fv2%2Fmedia&parent=6453"}],"wp:term":[{"taxonomy":"category","embeddable":true,"href":"https:\/\/www.urpean.com\/index.php?rest_route=%2Fwp%2Fv2%2Fcategories&post=6453"},{"taxonomy":"post_tag","embeddable":true,"href":"https:\/\/www.urpean.com\/index.php?rest_route=%2Fwp%2Fv2%2Ftags&post=6453"}],"curies":[{"name":"wp","href":"https:\/\/api.w.org\/{rel}","templated":true}]}}