{"id":6471,"date":"2018-02-10T17:08:48","date_gmt":"2018-02-10T16:08:48","guid":{"rendered":"http:\/\/www.urpean.com\/?p=6471"},"modified":"2018-02-10T17:08:48","modified_gmt":"2018-02-10T16:08:48","slug":"cote-basque-environnement-marin","status":"publish","type":"post","link":"https:\/\/www.urpean.com\/?p=6471","title":{"rendered":"C\u00f4te basque : environnement marin."},"content":{"rendered":"<p><strong>Une ann\u00e9e 2018 qui d\u00e9bute mal\u00a0!<\/strong><\/p>\n<p>Un nouveau refus pour rechercher une zone devant permettre le maintien et le r\u00e9tablissement de la faune et de la flore marine sur notre littoral, vient de nous \u00eatre signifi\u00e9\u00a0!<\/p>\n<p>Cette d\u00e9cision \u00e9mane de l\u2019agence Fran\u00e7aise de la biodiversit\u00e9. L\u2019AFB ne donne pas une suite favorable \u00e0 notre demande de subvention. Celle-ci ayant pour but de d\u00e9terminer, par une \u00e9tude men\u00e9e par des scientifiques, si la zone des Briquets \u00e0 Hendaye serait favorable \u00e0 l\u2019\u00e9tablissement d\u2019une zone de conservation halieutique.<\/p>\n<p>Pourtant la loi pr\u00e9voit, au travers du d\u00e9cret n\u00b02017-568 du 19 avril 2017, de d\u00e9finir des parties maritimes pour la protection des esp\u00e8ces marines.<\/p>\n<p>Ce refus vient s\u2019ajouter \u00e0 celui donn\u00e9 par les acteurs locaux, politiques, etc.<\/p>\n<p>Ces \u00e9lus politiques, ces organismes, comme l\u2019Ifremer, l\u2019Institut des milieux aquatiques, porteront une lourde responsabilit\u00e9 sur la disparition d\u2019esp\u00e8ces, comme l\u2019ange de mer (voir vid\u00e9o ci-dessous) qui viendront d\u00e9stabiliser la chaine alimentaire en faisant prolif\u00e9rer des esp\u00e8ces au d\u00e9triment d\u2019autres.<\/p>\n<p>Ces personnes ne pourront plus pr\u00e9texter de la m\u00e9connaissance de ce milieu, les plongeurs, au travers de la f\u00e9d\u00e9ration Fran\u00e7aise d\u2019\u00e9tudes et de sports sous-marins, tirent le signal d\u2019alarme depuis 2012\u00a0!<\/p>\n<p>&nbsp;<\/p>\n<p><iframe loading=\"lazy\" title=\"Squatina squatina\" src=\"https:\/\/player.vimeo.com\/video\/254667236?dnt=1&amp;app_id=122963\" width=\"644\" height=\"362\" frameborder=\"0\" allow=\"autoplay; fullscreen; picture-in-picture; clipboard-write\"><\/iframe><\/p>\n<p>&nbsp;<\/p>\n<p>&nbsp;<\/p>\n","protected":false},"excerpt":{"rendered":"<p>Une ann\u00e9e 2018 qui d\u00e9bute mal\u00a0! Un nouveau refus pour rechercher une zone devant permettre le maintien et le r\u00e9tablissement de la faune et de la flore marine sur notre littoral, vient de nous \u00eatre signifi\u00e9\u00a0! Cette d\u00e9cision \u00e9mane de l\u2019agence Fran\u00e7aise de la biodiversit\u00e9. L\u2019AFB ne donne pas une suite favorable \u00e0 notre demande&#8230;<\/p>\n","protected":false},"author":6,"featured_media":0,"comment_status":"open","ping_status":"open","sticky":false,"template":"","format":"standard","meta":{"_crdt_document":"","ngg_post_thumbnail":0,"footnotes":""},"categories":[1],"tags":[],"class_list":["post-6471","post","type-post","status-publish","format-standard","hentry","category-non-classe"],"views":1876,"_links":{"self":[{"href":"https:\/\/www.urpean.com\/index.php?rest_route=\/wp\/v2\/posts\/6471","targetHints":{"allow":["GET"]}}],"collection":[{"href":"https:\/\/www.urpean.com\/index.php?rest_route=\/wp\/v2\/posts"}],"about":[{"href":"https:\/\/www.urpean.com\/index.php?rest_route=\/wp\/v2\/types\/post"}],"author":[{"embeddable":true,"href":"https:\/\/www.urpean.com\/index.php?rest_route=\/wp\/v2\/users\/6"}],"replies":[{"embeddable":true,"href":"https:\/\/www.urpean.com\/index.php?rest_route=%2Fwp%2Fv2%2Fcomments&post=6471"}],"version-history":[{"count":2,"href":"https:\/\/www.urpean.com\/index.php?rest_route=\/wp\/v2\/posts\/6471\/revisions"}],"predecessor-version":[{"id":6473,"href":"https:\/\/www.urpean.com\/index.php?rest_route=\/wp\/v2\/posts\/6471\/revisions\/6473"}],"wp:attachment":[{"href":"https:\/\/www.urpean.com\/index.php?rest_route=%2Fwp%2Fv2%2Fmedia&parent=6471"}],"wp:term":[{"taxonomy":"category","embeddable":true,"href":"https:\/\/www.urpean.com\/index.php?rest_route=%2Fwp%2Fv2%2Fcategories&post=6471"},{"taxonomy":"post_tag","embeddable":true,"href":"https:\/\/www.urpean.com\/index.php?rest_route=%2Fwp%2Fv2%2Ftags&post=6471"}],"curies":[{"name":"wp","href":"https:\/\/api.w.org\/{rel}","templated":true}]}}