{"id":674,"date":"2009-11-06T16:22:24","date_gmt":"2009-11-06T15:22:24","guid":{"rendered":"http:\/\/www.urpean.com\/?p=674"},"modified":"2009-11-06T16:22:24","modified_gmt":"2009-11-06T15:22:24","slug":"fin-de-saison-mer","status":"publish","type":"post","link":"https:\/\/www.urpean.com\/?p=674","title":{"rendered":"Fin de saison mer !"},"content":{"rendered":"<p><span style=\"color: #1f497d;\"><span style=\"font-size: medium;\"><span style=\"font-family: Verdana, Helvetica, Arial;\"><span style=\"font-size: 13.0px;\">Toutes les plong\u00e9es de ce WE sont annul\u00e9es pour cause de mauvaises conditions m\u00e9t\u00e9o, ainsi qu\u2019une forte houle.<\/span><\/span><\/span><\/span><\/p>\n<p><span style=\"color: #1f497d;\"><span style=\"font-size: medium;\"><span style=\"font-family: Verdana, Helvetica, Arial;\"><span style=\"font-size: 13.0px;\">Le club va \u00ab\u00a0fermer\u00a0\u00bb ses portes pour ce qui concerne les plong\u00e9es, mais juque la reprise des sorties en mer, voici quelques dates importantes \u00e0 court terme:<\/span><\/span><\/span><\/span><\/p>\n<ul>\n<li><span style=\"color: #1f497d;\"><span style=\"font-size: medium;\"><span style=\"font-family: Verdana, Helvetica, Arial;\"><span style=\"font-size: 13.0px;\">AG Samedi 7\/11\/2009 \u00e0 17h30<\/span><\/span><\/span><\/span><\/li>\n<li><span style=\"color: #1f497d;\"><span style=\"font-size: medium;\"><span style=\"font-family: Verdana, Helvetica, Arial;\"><span style=\"font-size: 13.0px;\">Journ\u00e9e hivernage du club le 6\/12, plus repas<br \/>\n<\/span><\/span><\/span><\/span><\/li>\n<li><span style=\"color: #1f497d;\"><span style=\"font-size: medium;\"><span style=\"font-family: Verdana, Helvetica, Arial;\"><span style=\"font-size: 13.0px;\">Ap\u00e9ro du Dimanche 27\/12 au club<\/span><\/span><\/span><\/span><\/li>\n<\/ul>\n<p><span style=\"font-family: Verdana, Helvetica, Arial; color: #1f497d;\">Le bureau<\/span><\/p>\n","protected":false},"excerpt":{"rendered":"<p>Toutes les plong\u00e9es de ce WE sont annul\u00e9es pour cause de mauvaises conditions m\u00e9t\u00e9o, ainsi qu\u2019une forte houle. Le club va \u00ab\u00a0fermer\u00a0\u00bb ses portes pour ce qui concerne les plong\u00e9es, mais juque la reprise des sorties en mer, voici quelques dates importantes \u00e0 court terme: AG Samedi 7\/11\/2009 \u00e0 17h30 Journ\u00e9e hivernage du club le&#8230;<\/p>\n","protected":false},"author":5,"featured_media":0,"comment_status":"open","ping_status":"open","sticky":false,"template":"","format":"standard","meta":{"_crdt_document":"","ngg_post_thumbnail":0,"footnotes":""},"categories":[5],"tags":[],"class_list":["post-674","post","type-post","status-publish","format-standard","hentry","category-vie-du-club"],"views":2382,"_links":{"self":[{"href":"https:\/\/www.urpean.com\/index.php?rest_route=\/wp\/v2\/posts\/674","targetHints":{"allow":["GET"]}}],"collection":[{"href":"https:\/\/www.urpean.com\/index.php?rest_route=\/wp\/v2\/posts"}],"about":[{"href":"https:\/\/www.urpean.com\/index.php?rest_route=\/wp\/v2\/types\/post"}],"author":[{"embeddable":true,"href":"https:\/\/www.urpean.com\/index.php?rest_route=\/wp\/v2\/users\/5"}],"replies":[{"embeddable":true,"href":"https:\/\/www.urpean.com\/index.php?rest_route=%2Fwp%2Fv2%2Fcomments&post=674"}],"version-history":[{"count":0,"href":"https:\/\/www.urpean.com\/index.php?rest_route=\/wp\/v2\/posts\/674\/revisions"}],"wp:attachment":[{"href":"https:\/\/www.urpean.com\/index.php?rest_route=%2Fwp%2Fv2%2Fmedia&parent=674"}],"wp:term":[{"taxonomy":"category","embeddable":true,"href":"https:\/\/www.urpean.com\/index.php?rest_route=%2Fwp%2Fv2%2Fcategories&post=674"},{"taxonomy":"post_tag","embeddable":true,"href":"https:\/\/www.urpean.com\/index.php?rest_route=%2Fwp%2Fv2%2Ftags&post=674"}],"curies":[{"name":"wp","href":"https:\/\/api.w.org\/{rel}","templated":true}]}}