{"id":6745,"date":"2018-08-11T08:07:43","date_gmt":"2018-08-11T07:07:43","guid":{"rendered":"http:\/\/www.urpean.com\/?p=6745"},"modified":"2018-08-15T15:40:52","modified_gmt":"2018-08-15T14:40:52","slug":"hommage-a-jacky-le-dimanche","status":"publish","type":"post","link":"https:\/\/www.urpean.com\/?p=6745","title":{"rendered":"Hommage \u00e0 Jacky le Dimanche 2 Septembre 2018"},"content":{"rendered":"\n<p class=\"wp-block-paragraph\"><em>Dimanche 2 septembre \u00e0 midi nous rendrons un dernier hommage \u00e0 Jacky au txoko. Une collation sera propos\u00e9e.<\/em><\/p>\n\n\n\n<p class=\"wp-block-paragraph\"><em>A cette occasion une plaque comm\u00e9morative sera d\u00e9voil\u00e9e.<\/em><\/p>\n\n\n\n<p class=\"wp-block-paragraph\"><em>Pour ceux qui d\u00e9sirent participer \u00e0 ce moment l\u00e0, veuillez donner votre r\u00e9ponse avant le 20 ao\u00fbt.\u00a0<\/em><\/p>\n\n\n\n<p class=\"wp-block-paragraph\"><em>S&rsquo;inscrire aupr\u00e8s de:\u00a0<a href=\"mailto:couvreur.brigitte@orange.fr\" target=\"_blank\" rel=\"noreferrer noopener\">couvreur.brigitte@orange.fr<\/a><br\/><\/em><\/p>\n\n\n\n<p class=\"wp-block-paragraph\"><em>Le bureau.<\/em><\/p>\n\n\n\n<p class=\"wp-block-paragraph\"><em><\/em><\/p>\n\n\n\n<figure class=\"wp-block-image\"><img loading=\"lazy\" decoding=\"async\" width=\"532\" height=\"800\" src=\"http:\/\/www.urpean.com\/wp-content\/uploads\/2018\/08\/2008-08-21_URPEAN-24.jpg\" alt=\"\" class=\"wp-image-6748\" srcset=\"https:\/\/www.urpean.com\/wp-content\/uploads\/2018\/08\/2008-08-21_URPEAN-24.jpg 532w, https:\/\/www.urpean.com\/wp-content\/uploads\/2018\/08\/2008-08-21_URPEAN-24-200x300.jpg 200w\" sizes=\"auto, (max-width: 532px) 100vw, 532px\" \/><\/figure>\n\n\n\n<figure class=\"wp-block-image\"><img loading=\"lazy\" decoding=\"async\" width=\"532\" height=\"800\" src=\"http:\/\/www.urpean.com\/wp-content\/uploads\/2018\/08\/2007-04-22_URPEAN-59.jpg\" alt=\"\" class=\"wp-image-6749\" srcset=\"https:\/\/www.urpean.com\/wp-content\/uploads\/2018\/08\/2007-04-22_URPEAN-59.jpg 532w, https:\/\/www.urpean.com\/wp-content\/uploads\/2018\/08\/2007-04-22_URPEAN-59-200x300.jpg 200w\" sizes=\"auto, (max-width: 532px) 100vw, 532px\" \/><\/figure>\n\n\n\n<figure class=\"wp-block-image\"><img decoding=\"async\" src=\"blob:http:\/\/www.urpean.com\/fd03aeef-48fd-4b14-9bc3-2ad838397a25\" alt=\"\"\/><\/figure>\n\n\n\n<figure class=\"wp-block-image\"><img decoding=\"async\" src=\"blob:http:\/\/www.urpean.com\/29690f9b-206a-466e-9e56-561c227e222d\" alt=\"\"\/><\/figure>\n\n\n\n<figure class=\"wp-block-image\"><img loading=\"lazy\" decoding=\"async\" width=\"1200\" height=\"797\" src=\"http:\/\/www.urpean.com\/wp-content\/uploads\/2018\/08\/2005-08-14_URPEAN-14.jpg\" alt=\"\" class=\"wp-image-6751\" srcset=\"https:\/\/www.urpean.com\/wp-content\/uploads\/2018\/08\/2005-08-14_URPEAN-14.jpg 1200w, https:\/\/www.urpean.com\/wp-content\/uploads\/2018\/08\/2005-08-14_URPEAN-14-300x199.jpg 300w, https:\/\/www.urpean.com\/wp-content\/uploads\/2018\/08\/2005-08-14_URPEAN-14-768x510.jpg 768w, https:\/\/www.urpean.com\/wp-content\/uploads\/2018\/08\/2005-08-14_URPEAN-14-644x428.jpg 644w\" sizes=\"auto, (max-width: 1200px) 100vw, 1200px\" \/><\/figure>\n","protected":false},"excerpt":{"rendered":"<p>Dimanche 2 septembre \u00e0 midi nous rendrons un dernier hommage \u00e0 Jacky au txoko. Une collation sera propos\u00e9e. A cette occasion une plaque comm\u00e9morative sera d\u00e9voil\u00e9e. Pour ceux qui d\u00e9sirent participer \u00e0 ce moment l\u00e0, veuillez donner votre r\u00e9ponse avant le 20 ao\u00fbt.\u00a0 S&rsquo;inscrire aupr\u00e8s de:\u00a0couvreur.brigitte@orange.fr Le bureau.<\/p>\n","protected":false},"author":5,"featured_media":0,"comment_status":"open","ping_status":"open","sticky":false,"template":"","format":"standard","meta":{"_crdt_document":"","ngg_post_thumbnail":0,"footnotes":""},"categories":[1],"tags":[],"class_list":["post-6745","post","type-post","status-publish","format-standard","hentry","category-non-classe"],"views":1433,"_links":{"self":[{"href":"https:\/\/www.urpean.com\/index.php?rest_route=\/wp\/v2\/posts\/6745","targetHints":{"allow":["GET"]}}],"collection":[{"href":"https:\/\/www.urpean.com\/index.php?rest_route=\/wp\/v2\/posts"}],"about":[{"href":"https:\/\/www.urpean.com\/index.php?rest_route=\/wp\/v2\/types\/post"}],"author":[{"embeddable":true,"href":"https:\/\/www.urpean.com\/index.php?rest_route=\/wp\/v2\/users\/5"}],"replies":[{"embeddable":true,"href":"https:\/\/www.urpean.com\/index.php?rest_route=%2Fwp%2Fv2%2Fcomments&post=6745"}],"version-history":[{"count":4,"href":"https:\/\/www.urpean.com\/index.php?rest_route=\/wp\/v2\/posts\/6745\/revisions"}],"predecessor-version":[{"id":6760,"href":"https:\/\/www.urpean.com\/index.php?rest_route=\/wp\/v2\/posts\/6745\/revisions\/6760"}],"wp:attachment":[{"href":"https:\/\/www.urpean.com\/index.php?rest_route=%2Fwp%2Fv2%2Fmedia&parent=6745"}],"wp:term":[{"taxonomy":"category","embeddable":true,"href":"https:\/\/www.urpean.com\/index.php?rest_route=%2Fwp%2Fv2%2Fcategories&post=6745"},{"taxonomy":"post_tag","embeddable":true,"href":"https:\/\/www.urpean.com\/index.php?rest_route=%2Fwp%2Fv2%2Ftags&post=6745"}],"curies":[{"name":"wp","href":"https:\/\/api.w.org\/{rel}","templated":true}]}}