{"id":6772,"date":"2018-09-02T19:18:06","date_gmt":"2018-09-02T18:18:06","guid":{"rendered":"http:\/\/www.urpean.com\/?p=6772"},"modified":"2018-09-02T19:18:20","modified_gmt":"2018-09-02T18:18:20","slug":"bel-hommage-a-jacky","status":"publish","type":"post","link":"https:\/\/www.urpean.com\/?p=6772","title":{"rendered":"Bel hommage \u00e0 Jacky"},"content":{"rendered":"\n<p class=\"wp-block-paragraph\">C&rsquo;est avec beaucoup d&rsquo;\u00e9motion que nous nous sommes rassembl\u00e9s ce matin pour c\u00e9l\u00e9brer la m\u00e9moire de Jacky, autour de M\u00aaCarmen et sa famille, et ses amis.<\/p>\n\n\n\n<p class=\"wp-block-paragraph\">Le <strong>Txoko<\/strong> cher \u00e0 Jacky a \u00e9t\u00e9 baptis\u00e9 en son nom.<\/p>\n\n\n\n<p class=\"wp-block-paragraph\">Un diaporama a \u00e9t\u00e9 projet\u00e9 avec des photos de notre ami. (voir le film un peu plus bas).<\/p>\n\n\n\n<figure class=\"wp-block-image\"><img loading=\"lazy\" decoding=\"async\" width=\"800\" height=\"450\" src=\"http:\/\/www.urpean.com\/wp-content\/uploads\/2018\/09\/2018-09-02_URPEAN-2.jpg\" alt=\"\" class=\"wp-image-6771\" srcset=\"https:\/\/www.urpean.com\/wp-content\/uploads\/2018\/09\/2018-09-02_URPEAN-2.jpg 800w, https:\/\/www.urpean.com\/wp-content\/uploads\/2018\/09\/2018-09-02_URPEAN-2-300x169.jpg 300w, https:\/\/www.urpean.com\/wp-content\/uploads\/2018\/09\/2018-09-02_URPEAN-2-768x432.jpg 768w, https:\/\/www.urpean.com\/wp-content\/uploads\/2018\/09\/2018-09-02_URPEAN-2-644x362.jpg 644w\" sizes=\"auto, (max-width: 800px) 100vw, 800px\" \/><\/figure>\n\n\n\n<p class=\"wp-block-paragraph\"><\/p>\n\n\n\n<figure class=\"wp-block-image\"><img loading=\"lazy\" decoding=\"async\" width=\"800\" height=\"450\" src=\"http:\/\/www.urpean.com\/wp-content\/uploads\/2018\/09\/2018-09-02_URPEAN-3.jpg\" alt=\"\" class=\"wp-image-6770\" srcset=\"https:\/\/www.urpean.com\/wp-content\/uploads\/2018\/09\/2018-09-02_URPEAN-3.jpg 800w, https:\/\/www.urpean.com\/wp-content\/uploads\/2018\/09\/2018-09-02_URPEAN-3-300x169.jpg 300w, https:\/\/www.urpean.com\/wp-content\/uploads\/2018\/09\/2018-09-02_URPEAN-3-768x432.jpg 768w, https:\/\/www.urpean.com\/wp-content\/uploads\/2018\/09\/2018-09-02_URPEAN-3-644x362.jpg 644w\" sizes=\"auto, (max-width: 800px) 100vw, 800px\" \/><\/figure>\n\n\n\n<p class=\"wp-block-paragraph\"><\/p>\n\n\n\n<figure class=\"wp-block-image\"><img loading=\"lazy\" decoding=\"async\" width=\"800\" height=\"450\" src=\"http:\/\/www.urpean.com\/wp-content\/uploads\/2018\/09\/2018-09-02_URPEAN-4.jpg\" alt=\"\" class=\"wp-image-6769\" srcset=\"https:\/\/www.urpean.com\/wp-content\/uploads\/2018\/09\/2018-09-02_URPEAN-4.jpg 800w, https:\/\/www.urpean.com\/wp-content\/uploads\/2018\/09\/2018-09-02_URPEAN-4-300x169.jpg 300w, https:\/\/www.urpean.com\/wp-content\/uploads\/2018\/09\/2018-09-02_URPEAN-4-768x432.jpg 768w, https:\/\/www.urpean.com\/wp-content\/uploads\/2018\/09\/2018-09-02_URPEAN-4-644x362.jpg 644w\" sizes=\"auto, (max-width: 800px) 100vw, 800px\" \/><\/figure>\n\n\n\n<p class=\"wp-block-paragraph\"><\/p>\n\n\n\n<figure class=\"wp-block-embed-vimeo wp-block-embed is-type-video is-provider-vimeo\">\n<iframe loading=\"lazy\" title=\"HOMMAGE_JACKY_ESPAGNOL\" src=\"https:\/\/player.vimeo.com\/video\/287888508?dnt=1&amp;app_id=122963\" width=\"644\" height=\"362\" frameborder=\"0\" allow=\"autoplay; fullscreen; picture-in-picture; clipboard-write\"><\/iframe>\n<\/figure>\n","protected":false},"excerpt":{"rendered":"<p>C&rsquo;est avec beaucoup d&rsquo;\u00e9motion que nous nous sommes rassembl\u00e9s ce matin pour c\u00e9l\u00e9brer la m\u00e9moire de Jacky, autour de M\u00aaCarmen et sa famille, et ses amis. Le Txoko cher \u00e0 Jacky a \u00e9t\u00e9 baptis\u00e9 en son nom. Un diaporama a \u00e9t\u00e9 projet\u00e9 avec des photos de notre ami. (voir le film un peu plus bas).<\/p>\n","protected":false},"author":5,"featured_media":0,"comment_status":"open","ping_status":"open","sticky":false,"template":"","format":"standard","meta":{"_crdt_document":"","ngg_post_thumbnail":0,"footnotes":""},"categories":[1],"tags":[],"class_list":["post-6772","post","type-post","status-publish","format-standard","hentry","category-non-classe"],"views":1839,"_links":{"self":[{"href":"https:\/\/www.urpean.com\/index.php?rest_route=\/wp\/v2\/posts\/6772","targetHints":{"allow":["GET"]}}],"collection":[{"href":"https:\/\/www.urpean.com\/index.php?rest_route=\/wp\/v2\/posts"}],"about":[{"href":"https:\/\/www.urpean.com\/index.php?rest_route=\/wp\/v2\/types\/post"}],"author":[{"embeddable":true,"href":"https:\/\/www.urpean.com\/index.php?rest_route=\/wp\/v2\/users\/5"}],"replies":[{"embeddable":true,"href":"https:\/\/www.urpean.com\/index.php?rest_route=%2Fwp%2Fv2%2Fcomments&post=6772"}],"version-history":[{"count":1,"href":"https:\/\/www.urpean.com\/index.php?rest_route=\/wp\/v2\/posts\/6772\/revisions"}],"predecessor-version":[{"id":6773,"href":"https:\/\/www.urpean.com\/index.php?rest_route=\/wp\/v2\/posts\/6772\/revisions\/6773"}],"wp:attachment":[{"href":"https:\/\/www.urpean.com\/index.php?rest_route=%2Fwp%2Fv2%2Fmedia&parent=6772"}],"wp:term":[{"taxonomy":"category","embeddable":true,"href":"https:\/\/www.urpean.com\/index.php?rest_route=%2Fwp%2Fv2%2Fcategories&post=6772"},{"taxonomy":"post_tag","embeddable":true,"href":"https:\/\/www.urpean.com\/index.php?rest_route=%2Fwp%2Fv2%2Ftags&post=6772"}],"curies":[{"name":"wp","href":"https:\/\/api.w.org\/{rel}","templated":true}]}}